{"id":65351,"date":"2021-01-02T20:58:41","date_gmt":"2021-01-02T23:58:41","guid":{"rendered":"https:\/\/blogdoedvaldomagalhaes.com.br\/?p=65351"},"modified":"2021-01-02T20:58:43","modified_gmt":"2021-01-02T23:58:43","slug":"pernambuco-registra-332-novos-casos-de-covid-19-e-mais-8-mortes","status":"publish","type":"post","link":"https:\/\/blogdoedvaldomagalhaes.com.br\/index.php\/2021\/01\/02\/pernambuco-registra-332-novos-casos-de-covid-19-e-mais-8-mortes\/","title":{"rendered":"Pernambuco registra 332 novos casos de Covid-19 e mais 8 mortes"},"content":{"rendered":"<p style=\"text-align: justify;\">A Secretaria Estadual de Sa\u00fade (SES-PE) registrou, neste s\u00e1bado (02\/01), 332 casos da Covid-19. Entre os confirmados hoje, 32 (9,7%) s\u00e3o casos de S\u00edndrome Respirat\u00f3ria Aguda Grave (SRAG) e 300 (90,3%) s\u00e3o leves. Agora, Pernambuco totaliza 223.325 casos confirmados da doen\u00e7a, sendo 29.435 graves e 193.890 leves, que est\u00e3o distribu\u00eddos por todos os 184 munic\u00edpios pernambucanos, al\u00e9m do arquip\u00e9lago de Fernando de Noronha.<\/p>\n<p>Al\u00e9m disso, o boletim registra um total de 190.301 pacientes recuperados da doen\u00e7a. Destes, 18.429 eram pacientes graves, que necessitaram de internamento hospitalar, e 171.872 eram casos leves.<\/p>\n<p>Tamb\u00e9m foram confirmados laboratorialmente 8 novos \u00f3bitos (6 masculinos e 2 femininos), registrados entre os dias 11\/12\/2020 e 1\u00ba\/01\/2021. As novas mortes s\u00e3o de pessoas residentes dos munic\u00edpios de Cabo de Santo Agostinho (1), Caruaru (1), Jaboat\u00e3o dos Guararapes (1), Paulista (1), Pesqueira (2), Petrolina (1) e Recife (1). Com isso, o Estado totaliza 9.674 mortes pela doen\u00e7a.<\/p>\n<p>Os pacientes tinham idades entre 22 e 88 anos. As faixas et\u00e1rias s\u00e3o: 20 a 29 (1), 60 a 69 (1), 70 a 79 (3) e 80 ou mais (3). Do total, 6 tinham doen\u00e7as pr\u00e9-existentes: diabetes (4), doen\u00e7a cardiovascular (3), c\u00e2ncer (2) e imunodepress\u00e3o (1) &#8211; um paciente pode ter mais de uma comorbidade. Os demais est\u00e3o em investiga\u00e7\u00e3o.<\/p>\n<p>Com rela\u00e7\u00e3o \u00e0 testagem dos profissionais de sa\u00fade com sintomas de gripe, em Pernambuco, at\u00e9 agora, 24.303 casos foram confirmados e 43.851 descartados. As testagens entre os trabalhadores do setor abrangem os profissionais de todas as unidades de sa\u00fade, sejam da rede p\u00fablica (estadual e municipal) ou privada. O Governo de Pernambuco foi o primeiro do pa\u00eds a criar um protocolo para testar e afastar os profissionais da \u00e1rea da sa\u00fade com sintomas gripais.<\/p>\n<p>Foto: Stock.<\/p>\n","protected":false},"excerpt":{"rendered":"<p>A Secretaria Estadual de Sa\u00fade (SES-PE) registrou, neste s\u00e1bado (02\/01), 332 casos da Covid-19. Entre os confirmados hoje, 32 (9,7%)&hellip;<\/p>\n","protected":false},"author":1,"featured_media":65352,"comment_status":"open","ping_status":"open","sticky":false,"template":"","format":"standard","meta":{"footnotes":""},"categories":[14120],"tags":[2,19418,1950,19670,20516],"class_list":["post-65351","post","type-post","status-publish","format-standard","has-post-thumbnail","hentry","category-noticias","tag-blog-do-edvaldo-magalhaes","tag-blog-mais-acessado-de-caruaru-e-regiao","tag-noticias-de-caruaru","tag-novo-coronavirus","tag-pernambuco-registra-332-novos-casos-de-covid-19-e-mais-8-mortes"],"_links":{"self":[{"href":"https:\/\/blogdoedvaldomagalhaes.com.br\/index.php\/wp-json\/wp\/v2\/posts\/65351","targetHints":{"allow":["GET"]}}],"collection":[{"href":"https:\/\/blogdoedvaldomagalhaes.com.br\/index.php\/wp-json\/wp\/v2\/posts"}],"about":[{"href":"https:\/\/blogdoedvaldomagalhaes.com.br\/index.php\/wp-json\/wp\/v2\/types\/post"}],"author":[{"embeddable":true,"href":"https:\/\/blogdoedvaldomagalhaes.com.br\/index.php\/wp-json\/wp\/v2\/users\/1"}],"replies":[{"embeddable":true,"href":"https:\/\/blogdoedvaldomagalhaes.com.br\/index.php\/wp-json\/wp\/v2\/comments?post=65351"}],"version-history":[{"count":1,"href":"https:\/\/blogdoedvaldomagalhaes.com.br\/index.php\/wp-json\/wp\/v2\/posts\/65351\/revisions"}],"predecessor-version":[{"id":65353,"href":"https:\/\/blogdoedvaldomagalhaes.com.br\/index.php\/wp-json\/wp\/v2\/posts\/65351\/revisions\/65353"}],"wp:featuredmedia":[{"embeddable":true,"href":"https:\/\/blogdoedvaldomagalhaes.com.br\/index.php\/wp-json\/wp\/v2\/media\/65352"}],"wp:attachment":[{"href":"https:\/\/blogdoedvaldomagalhaes.com.br\/index.php\/wp-json\/wp\/v2\/media?parent=65351"}],"wp:term":[{"taxonomy":"category","embeddable":true,"href":"https:\/\/blogdoedvaldomagalhaes.com.br\/index.php\/wp-json\/wp\/v2\/categories?post=65351"},{"taxonomy":"post_tag","embeddable":true,"href":"https:\/\/blogdoedvaldomagalhaes.com.br\/index.php\/wp-json\/wp\/v2\/tags?post=65351"}],"curies":[{"name":"wp","href":"https:\/\/api.w.org\/{rel}","templated":true}]}}