{"id":65338,"date":"2021-01-02T18:58:05","date_gmt":"2021-01-02T21:58:05","guid":{"rendered":"https:\/\/blogdoedvaldomagalhaes.com.br\/?p=65338"},"modified":"2021-01-02T18:58:06","modified_gmt":"2021-01-02T21:58:06","slug":"festival-de-cinema-de-caruaru-esta-com-inscricoes-abertas-para-segunda-edicao-virtual","status":"publish","type":"post","link":"https:\/\/blogdoedvaldomagalhaes.com.br\/index.php\/2021\/01\/02\/festival-de-cinema-de-caruaru-esta-com-inscricoes-abertas-para-segunda-edicao-virtual\/","title":{"rendered":"Festival de Cinema de Caruaru est\u00e1 com inscri\u00e7\u00f5es abertas para segunda edi\u00e7\u00e3o virtual"},"content":{"rendered":"<p style=\"text-align: justify;\"><span style=\"font-size: inherit;\">O Festival de Cinema de Caruaru chegar\u00e1 \u00e0 sua oitava edi\u00e7\u00e3o em 2021. Neste ano, o evento acontecer\u00e1 entre os dias 15 e 30 de mar\u00e7o, de forma inteiramente digital, com transmiss\u00f5es ao vivo, oficinas remotas e exibi\u00e7\u00f5es por meio de streaming. Esta ser\u00e1 a segunda vez que o formato ser\u00e1 adotado, em conformidade com as normas de seguran\u00e7a adotadas durante a pandemia.<\/span><\/p>\n<p style=\"text-align: justify;\">Os realizadores interessados em participar da programa\u00e7\u00e3o poder\u00e3o inscrever seus filmes at\u00e9 o dia 15 de janeiro, por meio do site do evento (www.festivaldecaruaru.com.br). Ao todo, ser\u00e3o realizadas seis mostras competitivas: Infantil, Adolescine, Latino-americana, Agreste, Brasil de curta-metragem e Brasil de longa-metragem.<\/p>\n<p style=\"text-align: justify;\">De acordo com o edital, s\u00f3 ser\u00e3o aceitos filmes que tenham sido produzidos a partir de janeiro de 2020 e, preferencialmente, que sejam in\u00e9ditos, sem exibi\u00e7\u00f5es em TVs abertas ou na internet. A lista dos selecionados ser\u00e1 divulgada no dia 15 de fevereiro.<\/p>\n<p style=\"text-align: justify;\">Nesta edi\u00e7\u00e3o, o festival contar\u00e1 com o aporte financeiro da Lei Aldir Blanc, que tem o objetivo de apoiar a retomada da produ\u00e7\u00e3o cultural.<\/p>\n","protected":false},"excerpt":{"rendered":"<p>O Festival de Cinema de Caruaru chegar\u00e1 \u00e0 sua oitava edi\u00e7\u00e3o em 2021. Neste ano, o evento acontecer\u00e1 entre os&hellip;<\/p>\n","protected":false},"author":1,"featured_media":65339,"comment_status":"open","ping_status":"open","sticky":false,"template":"","format":"standard","meta":{"footnotes":""},"categories":[14120],"tags":[2,19418,20513,1950],"class_list":["post-65338","post","type-post","status-publish","format-standard","has-post-thumbnail","hentry","category-noticias","tag-blog-do-edvaldo-magalhaes","tag-blog-mais-acessado-de-caruaru-e-regiao","tag-festival-de-cinema-de-caruaru-esta-com-inscricoes-abertas-para-segunda-edicao-virtual","tag-noticias-de-caruaru"],"_links":{"self":[{"href":"https:\/\/blogdoedvaldomagalhaes.com.br\/index.php\/wp-json\/wp\/v2\/posts\/65338","targetHints":{"allow":["GET"]}}],"collection":[{"href":"https:\/\/blogdoedvaldomagalhaes.com.br\/index.php\/wp-json\/wp\/v2\/posts"}],"about":[{"href":"https:\/\/blogdoedvaldomagalhaes.com.br\/index.php\/wp-json\/wp\/v2\/types\/post"}],"author":[{"embeddable":true,"href":"https:\/\/blogdoedvaldomagalhaes.com.br\/index.php\/wp-json\/wp\/v2\/users\/1"}],"replies":[{"embeddable":true,"href":"https:\/\/blogdoedvaldomagalhaes.com.br\/index.php\/wp-json\/wp\/v2\/comments?post=65338"}],"version-history":[{"count":1,"href":"https:\/\/blogdoedvaldomagalhaes.com.br\/index.php\/wp-json\/wp\/v2\/posts\/65338\/revisions"}],"predecessor-version":[{"id":65340,"href":"https:\/\/blogdoedvaldomagalhaes.com.br\/index.php\/wp-json\/wp\/v2\/posts\/65338\/revisions\/65340"}],"wp:featuredmedia":[{"embeddable":true,"href":"https:\/\/blogdoedvaldomagalhaes.com.br\/index.php\/wp-json\/wp\/v2\/media\/65339"}],"wp:attachment":[{"href":"https:\/\/blogdoedvaldomagalhaes.com.br\/index.php\/wp-json\/wp\/v2\/media?parent=65338"}],"wp:term":[{"taxonomy":"category","embeddable":true,"href":"https:\/\/blogdoedvaldomagalhaes.com.br\/index.php\/wp-json\/wp\/v2\/categories?post=65338"},{"taxonomy":"post_tag","embeddable":true,"href":"https:\/\/blogdoedvaldomagalhaes.com.br\/index.php\/wp-json\/wp\/v2\/tags?post=65338"}],"curies":[{"name":"wp","href":"https:\/\/api.w.org\/{rel}","templated":true}]}}