{"id":65335,"date":"2021-01-02T18:33:29","date_gmt":"2021-01-02T21:33:29","guid":{"rendered":"https:\/\/blogdoedvaldomagalhaes.com.br\/?p=65335"},"modified":"2021-01-02T18:33:31","modified_gmt":"2021-01-02T21:33:31","slug":"laura-gomes-tomara-posse-na-alepe-nesta-terca-feira-5","status":"publish","type":"post","link":"https:\/\/blogdoedvaldomagalhaes.com.br\/index.php\/2021\/01\/02\/laura-gomes-tomara-posse-na-alepe-nesta-terca-feira-5\/","title":{"rendered":"Laura Gomes tomar\u00e1 posse na Alepe nesta ter\u00e7a-feira (5)"},"content":{"rendered":"<p style=\"text-align: justify;\"><span style=\"font-size: inherit;\">No in\u00edcio da tarde deste s\u00e1bado (02) Laura Gomes (PSB), recebeu um telefonema do presidente da Assembleia Legislativa de Pernambuco, deputado Eriberto Medeiros, informando que ela assumir\u00e1 uma cadeira de deputada estadual, ap\u00f3s a ren\u00fancia de Sivaldo Albino, agora prefeito de Garanhuns.<\/span><\/p>\n<p style=\"text-align: justify;\">A posse de Laura Gomes est\u00e1 marcada para a pr\u00f3xima ter\u00e7a-feira (05), em cerim\u00f4nia na Alepe, \u00e0s 10h. Socialista hist\u00f3rica, Laura vai para o terceiro mandato como deputada estadual e tem como meta seguir seu trabalho em favor da inclus\u00e3o social. \u201cContinuarei trabalhando pela diminui\u00e7\u00e3o da desigualdade e por mais oportunidades para as pessoas. Serei uma voz ativa para representar, especialmente, o povo de Caruaru\u201d, afirmou.<\/p>\n","protected":false},"excerpt":{"rendered":"<p>No in\u00edcio da tarde deste s\u00e1bado (02) Laura Gomes (PSB), recebeu um telefonema do presidente da Assembleia Legislativa de Pernambuco,&hellip;<\/p>\n","protected":false},"author":1,"featured_media":65336,"comment_status":"open","ping_status":"open","sticky":false,"template":"","format":"standard","meta":{"footnotes":""},"categories":[14122],"tags":[2,19418,20512,20],"class_list":["post-65335","post","type-post","status-publish","format-standard","has-post-thumbnail","hentry","category-politica","tag-blog-do-edvaldo-magalhaes","tag-blog-mais-acessado-de-caruaru-e-regiao","tag-laura-gomes-tomara-posse-na-alepe-nesta-terca-feira-5","tag-politica"],"_links":{"self":[{"href":"https:\/\/blogdoedvaldomagalhaes.com.br\/index.php\/wp-json\/wp\/v2\/posts\/65335","targetHints":{"allow":["GET"]}}],"collection":[{"href":"https:\/\/blogdoedvaldomagalhaes.com.br\/index.php\/wp-json\/wp\/v2\/posts"}],"about":[{"href":"https:\/\/blogdoedvaldomagalhaes.com.br\/index.php\/wp-json\/wp\/v2\/types\/post"}],"author":[{"embeddable":true,"href":"https:\/\/blogdoedvaldomagalhaes.com.br\/index.php\/wp-json\/wp\/v2\/users\/1"}],"replies":[{"embeddable":true,"href":"https:\/\/blogdoedvaldomagalhaes.com.br\/index.php\/wp-json\/wp\/v2\/comments?post=65335"}],"version-history":[{"count":1,"href":"https:\/\/blogdoedvaldomagalhaes.com.br\/index.php\/wp-json\/wp\/v2\/posts\/65335\/revisions"}],"predecessor-version":[{"id":65337,"href":"https:\/\/blogdoedvaldomagalhaes.com.br\/index.php\/wp-json\/wp\/v2\/posts\/65335\/revisions\/65337"}],"wp:featuredmedia":[{"embeddable":true,"href":"https:\/\/blogdoedvaldomagalhaes.com.br\/index.php\/wp-json\/wp\/v2\/media\/65336"}],"wp:attachment":[{"href":"https:\/\/blogdoedvaldomagalhaes.com.br\/index.php\/wp-json\/wp\/v2\/media?parent=65335"}],"wp:term":[{"taxonomy":"category","embeddable":true,"href":"https:\/\/blogdoedvaldomagalhaes.com.br\/index.php\/wp-json\/wp\/v2\/categories?post=65335"},{"taxonomy":"post_tag","embeddable":true,"href":"https:\/\/blogdoedvaldomagalhaes.com.br\/index.php\/wp-json\/wp\/v2\/tags?post=65335"}],"curies":[{"name":"wp","href":"https:\/\/api.w.org\/{rel}","templated":true}]}}