{"id":6533,"date":"2017-03-14T01:43:00","date_gmt":"2017-03-14T04:43:00","guid":{"rendered":"http:\/\/blogdoedvaldomagalhaes.com.br\/index.php\/2017\/03\/14\/encontro-de-mulheres-na-associacao-dos\/"},"modified":"2019-02-09T01:20:07","modified_gmt":"2019-02-09T03:20:07","slug":"encontro-de-mulheres-na-associacao-dos","status":"publish","type":"post","link":"https:\/\/blogdoedvaldomagalhaes.com.br\/index.php\/2017\/03\/14\/encontro-de-mulheres-na-associacao-dos\/","title":{"rendered":"Encontro de Mulheres na Associa\u00e7\u00e3o dos Moradores do Salgado"},"content":{"rendered":"<div class=\"separator\" style=\"clear: both; text-align: center;\">\n<a href=\"https:\/\/2.bp.blogspot.com\/-XTTn9PZUJS8\/WMdKLNaQtaI\/AAAAAAAARgA\/KFPWKhq9JQYHt7OsFDXHh1QpKTagq7qeQCLcB\/s1600\/salgado.JPG\" imageanchor=\"1\" style=\"margin-left: 1em; margin-right: 1em;\"><img loading=\"lazy\" decoding=\"async\" border=\"0\" height=\"225\" src=\"http:\/\/blogdoedvaldomagalhaes.com.br\/wp-content\/uploads\/2017\/03\/salgado.jpg\" width=\"400\" \/><\/a><\/div>\n<div class=\"separator\" style=\"clear: both; text-align: center;\">\nFoto ilustrativa<\/div>\n<div style=\"text-align: justify;\">\n<\/div>\n<div style=\"text-align: justify;\">\n<div style=\"background-color: white; border: 0px; margin-bottom: 1.5em; outline: 0px; padding: 0px; text-align: justify; vertical-align: baseline;\">\nNesta quarta-feira (15), a Associa\u00e7\u00e3o do Bairro do Salgado ser\u00e1 palco do lan\u00e7amento do projeto itinerante \u201cCaravana Tecendo Direitos Para as Mulheres\u201d. O evento que tem como objetivo desenvolver a\u00e7\u00f5es de preven\u00e7\u00e3o e enfrentamento \u00e0 viol\u00eancia contra mulher, al\u00e9m de promover o acesso a servi\u00e7os de cidadania nos bairros e comunidades rurais do munic\u00edpio.<\/div>\n<div style=\"background-color: white; border: 0px; margin-bottom: 1.5em; outline: 0px; padding: 0px; text-align: justify; vertical-align: baseline;\">\nPela primeira vez a Caravana Tecendo Direitos Para as Mulheres acontece em Caruaru. O projeto \u00e9 realizado em parceria com a Secretaria de Pol\u00edticas para Mulheres, Centro de Refer\u00eancia da Mulher Maria Bonita, Vara de Viol\u00eancia Dom\u00e9stica e Familiar Contra a Mulher, Secretaria de Sa\u00fade, Escrit\u00f3rio de Pr\u00e1ticas Jur\u00eddicas \u2013 EPJ (ASCES), N\u00facleo de Estudos de G\u00eaneros da ASCES (NUGEN) e Minist\u00e9rio P\u00fablico de Pernambuco\/NAM.<\/div>\n<div style=\"background-color: white; border: 0px; margin-bottom: 1.5em; outline: 0px; padding: 0px; text-align: justify; vertical-align: baseline;\">\nDurante o encontro ser\u00e3o oferecidos servi\u00e7os como atendimento jur\u00eddico, orienta\u00e7\u00f5es sobre sa\u00fade e qualidade de vida, dicas de como fazer uso de plantas medicinais e de fitoter\u00e1picos, al\u00e9m de atendimento nutricional.&nbsp;<\/div>\n<div style=\"background-color: white; border: 0px; margin-bottom: 1.5em; outline: 0px; padding: 0px; text-align: justify; vertical-align: baseline;\">\nA programa\u00e7\u00e3o ter\u00e1 in\u00edcio \u00e0s 13h com apresenta\u00e7\u00f5es culturais, explana\u00e7\u00e3o do projeto \u201cCaravana Tecendo Direitos para as Mulheres\u201d, forma\u00e7\u00e3o da mesa e palestra sobre Enfrentamento a Viol\u00eancia Contra Mulheres. A Associa\u00e7\u00e3o dos moradores do bairro do Salgado fica localizada na Rua Vital Brasil, n\u00ba 90.<\/div>\n<\/div>\n<div class=\"separator\" style=\"clear: both; text-align: center;\">\n<a href=\"http:\/\/blogdoedvaldomagalhaes.com.br\/wp-content\/uploads\/2017\/03\/2-SISMUC-8.jpg\" imageanchor=\"1\" style=\"clear: left; float: left; margin-bottom: 1em; margin-right: 1em;\"><img decoding=\"async\" border=\"0\" src=\"http:\/\/blogdoedvaldomagalhaes.com.br\/wp-content\/uploads\/2017\/03\/2-SISMUC-8.jpg\" \/><\/a><\/div>\n<div style=\"text-align: justify;\">\n<\/div>\n","protected":false},"excerpt":{"rendered":"<p>Foto ilustrativa Nesta quarta-feira (15), a Associa\u00e7\u00e3o do Bairro do Salgado ser\u00e1 palco do lan\u00e7amento do projeto itinerante \u201cCaravana Tecendo&hellip;<\/p>\n","protected":false},"author":1,"featured_media":0,"comment_status":"open","ping_status":"open","sticky":false,"template":"","format":"standard","meta":{"footnotes":""},"categories":[1],"tags":[992,8844,8845,6,8846,8847],"class_list":["post-6533","post","type-post","status-publish","format-standard","hentry","category-sem-categoria","tag-blog-do-edvaldo-do-magalhaes","tag-encontro-de-mulheres-na-associacao-dos-moradores-do-salgado","tag-escola-padre-zacarias-tavares","tag-noticias","tag-rua-vital-brasil","tag-secretaria-da-mulher-de-caruaru"],"_links":{"self":[{"href":"https:\/\/blogdoedvaldomagalhaes.com.br\/index.php\/wp-json\/wp\/v2\/posts\/6533","targetHints":{"allow":["GET"]}}],"collection":[{"href":"https:\/\/blogdoedvaldomagalhaes.com.br\/index.php\/wp-json\/wp\/v2\/posts"}],"about":[{"href":"https:\/\/blogdoedvaldomagalhaes.com.br\/index.php\/wp-json\/wp\/v2\/types\/post"}],"author":[{"embeddable":true,"href":"https:\/\/blogdoedvaldomagalhaes.com.br\/index.php\/wp-json\/wp\/v2\/users\/1"}],"replies":[{"embeddable":true,"href":"https:\/\/blogdoedvaldomagalhaes.com.br\/index.php\/wp-json\/wp\/v2\/comments?post=6533"}],"version-history":[{"count":1,"href":"https:\/\/blogdoedvaldomagalhaes.com.br\/index.php\/wp-json\/wp\/v2\/posts\/6533\/revisions"}],"predecessor-version":[{"id":17740,"href":"https:\/\/blogdoedvaldomagalhaes.com.br\/index.php\/wp-json\/wp\/v2\/posts\/6533\/revisions\/17740"}],"wp:attachment":[{"href":"https:\/\/blogdoedvaldomagalhaes.com.br\/index.php\/wp-json\/wp\/v2\/media?parent=6533"}],"wp:term":[{"taxonomy":"category","embeddable":true,"href":"https:\/\/blogdoedvaldomagalhaes.com.br\/index.php\/wp-json\/wp\/v2\/categories?post=6533"},{"taxonomy":"post_tag","embeddable":true,"href":"https:\/\/blogdoedvaldomagalhaes.com.br\/index.php\/wp-json\/wp\/v2\/tags?post=6533"}],"curies":[{"name":"wp","href":"https:\/\/api.w.org\/{rel}","templated":true}]}}