{"id":6532,"date":"2017-03-14T10:47:00","date_gmt":"2017-03-14T13:47:00","guid":{"rendered":"http:\/\/blogdoedvaldomagalhaes.com.br\/index.php\/2017\/03\/14\/policial-reage-assalto-onibus-de\/"},"modified":"2019-02-09T01:20:08","modified_gmt":"2019-02-09T03:20:08","slug":"policial-reage-assalto-onibus-de","status":"publish","type":"post","link":"https:\/\/blogdoedvaldomagalhaes.com.br\/index.php\/2017\/03\/14\/policial-reage-assalto-onibus-de\/","title":{"rendered":"Policial reage a assalto a \u00f4nibus de estudantes e \u00e9 assassinado"},"content":{"rendered":"<div style=\"background-color: white; text-align: justify;\">\n<div class=\"separator\" style=\"clear: both; text-align: center;\">\n<a href=\"https:\/\/4.bp.blogspot.com\/-b9IbFakwJvY\/WMfKIHKOZ7I\/AAAAAAAARgU\/El-lKQ7Vl2QFkNfaQA81fB6gnvsIQ9dnwCLcB\/s1600\/gsilva.jpg\" imageanchor=\"1\" style=\"margin-left: 1em; margin-right: 1em;\"><img loading=\"lazy\" decoding=\"async\" border=\"0\" height=\"300\" src=\"http:\/\/blogdoedvaldomagalhaes.com.br\/wp-content\/uploads\/2017\/03\/gsilva.jpg\" width=\"400\" \/><\/a><\/div>\n<div style=\"box-sizing: border-box; line-height: 24px; margin-bottom: 10px;\">\n<\/div>\n<div style=\"box-sizing: border-box; line-height: 24px; margin-bottom: 10px;\">\nUm \u00f4nibus de estudantes de Surubim, retornava da faculdade (Facal) de Limoeiro, pela PE-90, Agreste pernambucano, por voltas 22h30 da noite dessa segunda-feira (13), quando o motorista parou para duas estudantes descerem no s\u00edtio Barra da On\u00e7a, que pertence ao munic\u00edpio de Bom Jardim, tr\u00eas elementos anunciaram um assalto. Enquanto os elementos estavam colhendo os objetivos pessoais das v\u00edtimas, o sargento universit\u00e1rio Genival Jos\u00e9 da Silva (GSilva), 34 anos, reagiu, matou dois bandidos e foi assassinado. Genival foi candidato a vereador pelo PPS em Surubim na \u00faltima elei\u00e7\u00e3o, mas n\u00e3o se elegeu.<\/div>\n<div style=\"box-sizing: border-box; line-height: 24px; margin-bottom: 10px;\">\nDuas estudantes ficaram feridas e foram socorridas para o Hospital S\u00e3o Luiz, em Surubim, e em seguida transferidas para o hospital de Limoeiro. O corpo do militar foi encaminhado para o IML do Recife.<\/div>\n<div style=\"box-sizing: border-box; line-height: 24px; margin-bottom: 10px;\">\nEm mar\u00e7o, j\u00e1 foram contabilizados 147 assaltos a \u00f4nibus e este ano s\u00e3o 821, segundo o Sindicato dos Rodovi\u00e1rios de Pernambuco.<\/p>\n<p><\/p>\n<div class=\"separator\" style=\"clear: both; text-align: center;\">\n<a href=\"http:\/\/blogdoedvaldomagalhaes.com.br\/wp-content\/uploads\/2017\/03\/C3B3ticas.jpg\" imageanchor=\"1\" style=\"clear: left; float: left; margin-bottom: 1em; margin-right: 1em;\"><img decoding=\"async\" border=\"0\" src=\"http:\/\/blogdoedvaldomagalhaes.com.br\/wp-content\/uploads\/2017\/03\/C3B3ticas.jpg\" \/><\/a><\/div>\n<p><\/div>\n<\/div>\n","protected":false},"excerpt":{"rendered":"<p>Um \u00f4nibus de estudantes de Surubim, retornava da faculdade (Facal) de Limoeiro, pela PE-90, Agreste pernambucano, por voltas 22h30 da&hellip;<\/p>\n","protected":false},"author":1,"featured_media":0,"comment_status":"open","ping_status":"open","sticky":false,"template":"","format":"standard","meta":{"footnotes":""},"categories":[1],"tags":[992,8263,13,8842,8843,2895],"class_list":["post-6532","post","type-post","status-publish","format-standard","hentry","category-sem-categoria","tag-blog-do-edvaldo-do-magalhaes","tag-bom-jardim","tag-policial","tag-policial-reage-a-assalto-a-onibus-de-estudantes-e-e-assassinado","tag-sitio-barra-da-onca","tag-surubim"],"_links":{"self":[{"href":"https:\/\/blogdoedvaldomagalhaes.com.br\/index.php\/wp-json\/wp\/v2\/posts\/6532","targetHints":{"allow":["GET"]}}],"collection":[{"href":"https:\/\/blogdoedvaldomagalhaes.com.br\/index.php\/wp-json\/wp\/v2\/posts"}],"about":[{"href":"https:\/\/blogdoedvaldomagalhaes.com.br\/index.php\/wp-json\/wp\/v2\/types\/post"}],"author":[{"embeddable":true,"href":"https:\/\/blogdoedvaldomagalhaes.com.br\/index.php\/wp-json\/wp\/v2\/users\/1"}],"replies":[{"embeddable":true,"href":"https:\/\/blogdoedvaldomagalhaes.com.br\/index.php\/wp-json\/wp\/v2\/comments?post=6532"}],"version-history":[{"count":1,"href":"https:\/\/blogdoedvaldomagalhaes.com.br\/index.php\/wp-json\/wp\/v2\/posts\/6532\/revisions"}],"predecessor-version":[{"id":17743,"href":"https:\/\/blogdoedvaldomagalhaes.com.br\/index.php\/wp-json\/wp\/v2\/posts\/6532\/revisions\/17743"}],"wp:attachment":[{"href":"https:\/\/blogdoedvaldomagalhaes.com.br\/index.php\/wp-json\/wp\/v2\/media?parent=6532"}],"wp:term":[{"taxonomy":"category","embeddable":true,"href":"https:\/\/blogdoedvaldomagalhaes.com.br\/index.php\/wp-json\/wp\/v2\/categories?post=6532"},{"taxonomy":"post_tag","embeddable":true,"href":"https:\/\/blogdoedvaldomagalhaes.com.br\/index.php\/wp-json\/wp\/v2\/tags?post=6532"}],"curies":[{"name":"wp","href":"https:\/\/api.w.org\/{rel}","templated":true}]}}