{"id":65299,"date":"2021-01-01T12:22:56","date_gmt":"2021-01-01T15:22:56","guid":{"rendered":"https:\/\/blogdoedvaldomagalhaes.com.br\/?p=65299"},"modified":"2021-01-01T13:04:01","modified_gmt":"2021-01-01T16:04:01","slug":"prefeita-reeleita-de-caruaru-raquel-lyra-anuncia-secretariado-para-gestao-2021-2024","status":"publish","type":"post","link":"https:\/\/blogdoedvaldomagalhaes.com.br\/index.php\/2021\/01\/01\/prefeita-reeleita-de-caruaru-raquel-lyra-anuncia-secretariado-para-gestao-2021-2024\/","title":{"rendered":"Prefeita reeleita de Caruaru, Raquel Lyra, anuncia secretariado para gest\u00e3o 2021\/2024"},"content":{"rendered":"<p style=\"text-align: justify;\"><span style=\"font-size: inherit;\">A Prefeita Raquel Lyra anunciou, nesta sexta-feira (1\u00ba), a rela\u00e7\u00e3o de secret\u00e1rios e gestores das autarquias e demais entidades da sua nova gest\u00e3o. A equipe \u00e9 formada essencialmente por t\u00e9cnicos que j\u00e1 fizeram parte do seu primeiro mandato, al\u00e9m de novos nomes que chegaram para refor\u00e7ar o time da Prefeitura de Caruaru.<\/span><\/p>\n<p style=\"text-align: justify;\">Confira a lista completa e breve curr\u00edculo:<\/p>\n<p style=\"text-align: justify;\">Secretaria de Governo<br \/>_Eduardo Vieira_<br \/>\u00c9 formado em Administra\u00e7\u00e3o de Empresas e atuou como Chefe de Gabinete durante a primeira gest\u00e3o da prefeita Raquel Lyra. Tamb\u00e9m trabalhou como Assessor Especial na Prefeitura de Caruaru e \u00e9 empres\u00e1rio reconhecido no setor de confec\u00e7\u00f5es, na regi\u00e3o do agreste pernambucano.<\/p>\n<p style=\"text-align: justify;\">Secretaria de Administra\u00e7\u00e3o<br \/>_Ana Mara\u00edza_<br \/>\u00c9 graduada em Direito pela Associa\u00e7\u00e3o Caruaruense de Ensino Superior (ASCES) e p\u00f3s-graduada em Direito P\u00fablico pela Universidade Anhanguera. Atuou como conciliadora nas 16\u00aa e 24\u00aa Varas Federais da Se\u00e7\u00e3o Judici\u00e1ria de Pernambuco e foi Membro da Comiss\u00e3o de Apoio ao Idoso da Ordem dos Advogados do Brasil &#8211; Subse\u00e7\u00e3o Caruaru. Tamb\u00e9m j\u00e1 exerceu o cargo de Secret\u00e1ria de Administra\u00e7\u00e3o de Caruaru e presidente do Instituto de Previd\u00eancia dos Servidores Municipais de Caruaru (CaruaruPrev).<\/p>\n<p style=\"text-align: justify;\">Secretaria da Fazenda<br \/>_T\u00falio Vila\u00e7a_<br \/>Formado em Direito pela Universidade Cat\u00f3lica de Pernambuco; especializa\u00e7\u00e3o em Direito Tribut\u00e1rio e Constitucional; curso de extens\u00e3o na \u00e1rea do Direito Falimentar e Recupera\u00e7\u00e3o Judicial pela FGV\/RJ \u2013 Funda\u00e7\u00e3o Get\u00falio Vargas. Foi Conselheiro Estadual da OAB\/PE, no tri\u00eanio 2007\/2009. P\u00f3s-graduado em Direito Administrativo pela Universidade Federal de Pernambuco \u2013 UFPE; Advogado militante, presta consultoria jur\u00eddica a diversas sociedades empres\u00e1rias; atua nas \u00e1reas do direito administrativo, tribut\u00e1rio e de recupera\u00e7\u00e3o judicial, inclusive como Administrador Judicial. Atuou como Procurador Geral do Munic\u00edpio de Caruaru, entre 2017 e 2020.<\/p>\n<p style=\"text-align: justify;\">Secretaria de Planejamento, Or\u00e7amento e Gest\u00e3o<br \/>_Swami Lima_<br \/>\u00c9 Arquiteto e Urbanista, formado pela Universidade Federal de Pernambuco (UFPE), com MBA em Gest\u00e3o de Obras e Projetos. Em 2017, na Secretaria de Planejamento de Caruaru, participou da estrutura\u00e7\u00e3o do planejamento estrat\u00e9gico e implanta\u00e7\u00e3o do modelo de gest\u00e3o por resultados no territ\u00f3rio, com \u00eanfase em solu\u00e7\u00f5es integradas, sustent\u00e1veis e de car\u00e1ter intersetorial. Tamb\u00e9m atuou como Secret\u00e1rio Executivo da Autarquia de Urbaniza\u00e7\u00e3o e Meio Ambiente de Caruaru.<\/p>\n<p style=\"text-align: justify;\">Secretaria de Infraestrutura Urbana e Obras<br \/>_Rodrigo Miranda_<br \/>\u00c9 formado em Engenharia Civil, pela Universidade Federal de Pernambuco (UFPE), e p\u00f3s graduado em Gest\u00e3o de Obras na Constru\u00e7\u00e3o Civil. Atuou na Implanta\u00e7\u00e3o de Sistemas de Qualidade em Laborat\u00f3rios de Ensaio de Compress\u00e3o de Corpo de Prova 2004 &#8211; 2005; Fiscaliza\u00e7\u00e3o e Cadastro de Obras de Conten\u00e7\u00e3o em Encostas no Estado de Pernambuco 2005 &#8211; 2006; Manuten\u00e7\u00e3o Predial, reforma e amplia\u00e7\u00e3o em v\u00e1rios edif\u00edcios p\u00fablicos na regi\u00e3o metropolitana do Recife 2006 \u2013 2008; Projetos de pavimenta\u00e7\u00e3o, estruturas em concreto, conjuntos habitacionais, redes el\u00e9tricas de baixa tens\u00e3o, hidrosanit\u00e1rios, or\u00e7amentos, consultoria para prefeituras junto \u00e0 Caixa Econ\u00f4mica Federal (Projetos com recursos Federais) e fiscaliza\u00e7\u00e3o de obras 2010 \u2013 2012; Execu\u00e7\u00e3o de projetos estruturais, el\u00e9tricos e hidrossanit\u00e1rios 2010 \u2013 2016; Supervis\u00e3o, acompanhamento, fiscaliza\u00e7\u00e3o e execu\u00e7\u00e3o de obras verticais (352 unidades habitacionais) 2012 \u2013 2017. Tamb\u00e9m j\u00e1 foi secret\u00e1rio de Urbanismo e Obras de Caruaru.<\/p>\n<p style=\"text-align: justify;\">Secretaria de Ordem P\u00fablica<br \/>_Cel. Patr\u00edcio Filho_<br \/>Coronel da Pol\u00edcia Militar de Pernambuco, com especializa\u00e7\u00e3o em Gest\u00e3o Governamental, pela Universidade de Pernambuco (UPE). No seu curr\u00edculo, atuou como Diretor Adjunto do Centro de Reeduca\u00e7\u00e3o da Pol\u00edcia Militar, Pres\u00eddio Militar (Abreu e Lima); Comandante da Companhia T\u00e1tico M\u00f3vel 4\u00ba BPM \u2013 Batalh\u00e3o Barreto de Menezes (Caruaru); Chefe da se\u00e7\u00e3o de opera\u00e7\u00f5es do 16\u00ba BPM \u2013 Batalh\u00e3o Frei Caneca; Chefe da Se\u00e7\u00e3o de Planejamento Operacional da DINTER I (Caruaru); Chefe da Se\u00e7\u00e3o de An\u00e1lise Criminal e estat\u00edstica da DINTER I (Caruaru); e Coordenador de Planejamento Operacional da DINTER I (Caruaru), dentre outros.<\/p>\n<p style=\"text-align: justify;\">Secretaria de Servi\u00e7os P\u00fablicos e Sustentabilidade<br \/>_Ytalo Farias_<br \/>\u00c9 formado em Engenharia Civil pela Universidade Federal de Pernambuco (UFPE). Em seu curr\u00edculo tem passagens por empresas privadas e p\u00fablicas. Na gest\u00e3o p\u00fablica, atuou como Secret\u00e1rio de Servi\u00e7os P\u00fablicos de Caruaru.<\/p>\n<p style=\"text-align: justify;\">Secretaria de Pol\u00edticas para Mulheres<br \/>_Juliana Gouveia_<br \/>Possui Mestrado em Direitos Humanos (UFPE), Especializa\u00e7\u00e3o em Hist\u00f3ria do Brasil e Gradua\u00e7\u00e3o em licenciatura plena em Hist\u00f3ria, pela Faculdade de Filosofia Ci\u00eancias e Letras de Caruaru, e docente no Ensino Superior da UNINASSAU Caruaru. Possui experi\u00eancia na Educa\u00e7\u00e3o B\u00e1sica na Rede Estadual de Ensino do Estado de Pernambuco; na rede particular de ensino e como formadora de professores para o Projovem Campo Saberes da Terra do estado de Pernambuco. Atuou como T\u00e9cnica em Mem\u00f3ria no Monte Bom Jesus pelo projeto Cultura Valoriza\u00e7\u00e3o da Vida &#8211; FUNDARPE; al\u00e9m de experi\u00eancia na \u00e1rea de pol\u00edticas p\u00fablicas para as mulheres. Tamb\u00e9m j\u00e1 atuou como secret\u00e1ria de Pol\u00edticas para Mulheres de Caruaru.<\/p>\n<p style=\"text-align: justify;\">Secretaria de Sa\u00fade<br \/>_Breno Feitoza_<br \/>Graduado em Enfermagem pela Autarquia Educacional de Belo Jardim (AEB), e possui especializa\u00e7\u00f5es em Sa\u00fade P\u00fablica e Gest\u00e3o de Servi\u00e7os e Sistemas de Sa\u00fade. \u00c9 professor universit\u00e1rio e atuou como secret\u00e1rio de Sa\u00fade na Prefeitura de Panelas (PE) e de Santa Cruz do Capibaribe. Em Caruaru, ocupou o cargo de secret\u00e1rio Executivo de Aten\u00e7\u00e3o Especializada, Regula\u00e7\u00e3o e Farm\u00e1cia.<\/p>\n<p style=\"text-align: justify;\">Secretaria de Educa\u00e7\u00e3o e Esportes<br \/>_Raquel de Oliveira_<br \/>Natural de Bangu, no Rio de Janeiro, tem 24 anos de experi\u00eancia em educa\u00e7\u00e3o e m\u00eddia. Trabalhou como professora de ingl\u00eas por 20 anos, tanto no setor p\u00fablico quanto no privado. Foi tamb\u00e9m associada \u00e0 PUC-RIO, UERJ, Instituto Singularidades e Funda\u00e7\u00e3o Get\u00falio Vargas como Professora e Pesquisadora. Assumiu o VP de Educa\u00e7\u00e3o e Pol\u00edticas P\u00fablicas da British Startup Gigalime em meio \u00e0 crise da Covid 19 com o objetivo de repensar poss\u00edveis futuros e espa\u00e7os de transforma\u00e7\u00e3o digital para que os sistemas educacionais sejam redesenhados. Trabalhou como consultora do pessoal do Centro de Excel\u00eancia e Inova\u00e7\u00e3o em Pol\u00edticas Educacionais da Escola Brasileira de Administra\u00e7\u00e3o P\u00fablica e Empresarial da Funda\u00e7\u00e3o Get\u00falio Vargas, onde foi a pesquisadora l\u00edder do relat\u00f3rio.<\/p>\n<p style=\"text-align: justify;\">Teve passagens pelo Minist\u00e9rio da Educa\u00e7\u00e3o brasileiro, CONSED, UNDIME, SUMMA, Harvard Graduate School of Education, Learning Policy Institute NY Todos Pela Educa\u00e7\u00e3o, Funda\u00e7\u00e3o Maria Cecilia Souto Vidigal, Funda\u00e7\u00e3o Lemann, Columbia Teachers College, OECD, OIT e projetos e cap\u00edtulos de relat\u00f3rios\/ livros da ONU.<\/p>\n<p style=\"text-align: justify;\">Participa de miss\u00f5es de educa\u00e7\u00e3o internacional com institui\u00e7\u00f5es governamentais e organiza\u00e7\u00f5es da sociedade civil em busca de inova\u00e7\u00f5es em gest\u00e3o e educa\u00e7\u00e3o. Atuou como Pearson Fellow, dentro do programa de Mestrado em Pol\u00edticas P\u00fablicas (MPP) do The Pearson Institute for the Study and Resolution of Global Conflicts, trabalhando com a primeira inf\u00e2ncia em creches na \u00c1frica do Sul. Na Harvard Graduate School of Education , estudou Teaching for Understanding e desenvolveu projetos de colabora\u00e7\u00e3o em escolas de todo o Brasil sobre planos de aprendizagem e lideran\u00e7a.<\/p>\n<p style=\"text-align: justify;\">Secretaria de Desenvolvimento Econ\u00f4mico, Turismo e Economia Criativa<br \/>_Andr\u00e9 Teixeira Filho_<br \/>Graduado em Direito pela Associa\u00e7\u00e3o Caruaruense de Ensino Superior (ASCES), possui MBA Internacional em Gest\u00e3o de Empresarial. \u00c9 ex-presidente da Central de Abastecimento de Caruaru (CEACA), e atualmente \u00e9 presidente do Conselho Municipal de Ci\u00eancia, Tecnologia e Inova\u00e7\u00e3o (CoMCiTI) e diretor da Associa\u00e7\u00e3o Comercial e Empresarial de Caruaru (ACIC) no bi\u00eanio de 2021\/2022. \u00c9 empres\u00e1rio dos setores de Gastronomia e Eventos e j\u00e1 atuou como secret\u00e1rio de Desenvolvimento Econ\u00f4mico e Economia Criativa de Caruaru.<\/p>\n<p style=\"text-align: justify;\">Secretaria de Desenvolvimento Social e Direitos Humanos<br \/>_Carlos Braga_<br \/>Cursou Administra\u00e7\u00e3o e Marketing na Faculdade de Filosofia, Ci\u00eancias e Letras de Caruaru (FAFICA). Atuou na Gest\u00e3o de Pessoas por 25 anos, inclusive em empresa multinacional. Foi Presidente Nacional da Ordem DeMolay para Rep\u00fablica Federativa do Brasil. Na gest\u00e3o p\u00fablica, exerceu as fun\u00e7\u00f5es de Gerente Administrativo e Financeiro, chegando a ser Secret\u00e1rio da Secretaria de Desenvolvimento Social e Direitos Humanos.<\/p>\n<p style=\"text-align: justify;\">Secretaria de Desenvolvimento Rural<br \/>_Bruno Fran\u00e7a_<br \/>Tem no seu curr\u00edculo passagens por v\u00e1rias secretarias da Prefeitura de Caruaru, se destacando como Secret\u00e1rio de Servi\u00e7os P\u00fablicos e de Sustentabilidade e Desenvolvimento Rural. Tamb\u00e9m atuou como Presidente da Central de Abastecimento de Caruaru (CEACA), al\u00e9m de ser vice-presidente no Nordeste da Associa\u00e7\u00e3o Brasileira das Centrais de Abastecimentos (ABRACEN).<\/p>\n<p style=\"text-align: justify;\">Controladoria Geral do Munic\u00edpio<br \/>_Andr\u00e9a Ribeiro_<br \/>\u00c9 graduada em Ci\u00eancias Cont\u00e1beis pela Faculdade de Filosofia Ci\u00eancias e Letras de Caruaru (FAFICA), e p\u00f3s-graduada em Contabilidade e Controladoria Governamental, pela Universidade Federal de Pernambuco (UFPE). Na gest\u00e3o p\u00fablica, j\u00e1 teve passagens pela Prefeitura de Bezerros, como Secret\u00e1ria de Governo; Prefeitura de Agrestina, como Controladora Interna; e na Prefeitura de Caruaru, atuando como Gerente de Racionaliza\u00e7\u00e3o dos Gastos P\u00fablicos, Secret\u00e1ria Executiva da Controladoria Geral e Ouvidora Geral do Munic\u00edpio.<\/p>\n<p style=\"text-align: justify;\">Procuradoria Geral do Munic\u00edpio<br \/>_Dimitre Bezerra_<br \/>Possui gradua\u00e7\u00e3o em Direito pela Associa\u00e7\u00e3o Caruaruense de Ensino Superior (1996) e p\u00f3s-gradua\u00e7\u00e3o em Direito Processual &#8211; Teoria e Pr\u00e1tica do Processo. \u00c9 Mestre em Gest\u00e3o P\u00fablica pela Universidade Federal de Pernambuco e concluiu o Master Lideran\u00e7a em Gest\u00e3o P\u00fablica &#8211; MLG, do Centro de Lideran\u00e7a P\u00fablica &#8211; CLP (Instituto Singularidades) em S\u00e3o Paulo-SP com m\u00f3dulo internacional na Blavatnik School of Government, Oxford University (2020). Atuou como Procurador-Geral de Bu\u00edque (PE), al\u00e9m de Controlador Geral de Caruaru, at\u00e9 2020.<\/p>\n<p style=\"text-align: justify;\">Funda\u00e7\u00e3o de Cultura de Caruaru<br \/>_Rubens Junior_<br \/>Formado em Hist\u00f3ria e com p\u00f3s-gradua\u00e7\u00e3o em Gest\u00e3o P\u00fablica, \u00e9 tamb\u00e9m radialista e professor. Na gest\u00e3o p\u00fablica, foi chefe de gabinete da vice-governadoria e do governador do Estado de Pernambuco, teve passagem pela Superintend\u00eancia da TV Pernambuco e exerceu os cargos de secret\u00e1rio de Assist\u00eancia Social, Imprensa e de Governo na Prefeitura de Caruaru, al\u00e9m de Presidente da Funda\u00e7\u00e3o de Cultura e Turismo do Munic\u00edpio.<\/p>\n<p style=\"text-align: justify;\">Central de Abastecimento de Caruaru (CEACA)<br \/>_Thalyta Figueir\u00f4a_<br \/>\u00c9 formada em Administra\u00e7\u00e3o pela Faculdade de Filosofia Ci\u00eancias e Letras de Caruaru (FAFICA) e possui MBA em Psicologia Organizacional e Gest\u00e3o de Recursos Humanos, al\u00e9m de P\u00f3s-Gradua\u00e7\u00e3o em Gest\u00e3o de Pessoas. Tem passagem por v\u00e1rias empresas privadas, e, no setor p\u00fablico, atuou como secret\u00e1ria executiva de Sustentabilidade e Desenvolvimento Rural Assistente Administrativo, na Prefeitura de Caruaru.<\/p>\n<p style=\"text-align: justify;\">Autarquia de Mobilidade, Tr\u00e2nsito e Transporte de Caruaru (AMTTC)<br \/>_Diogo Bezerra_<br \/>Economista e prof. doutor em Engenharia de Produ\u00e7\u00e3o pela UFPE, j\u00e1 lecionou na \u00e1rea de gest\u00e3o em p\u00f3s-gradua\u00e7\u00e3o na Universidade Mackenzie, na Faculdade Boa Viagem, para executivos da SIEMENS em S\u00e3o Paulo. Em 2006 tornou-se coordenador do N\u00facleo de Gest\u00e3o do Centro Acad\u00eamico do Agreste\/ Caruaru. Atuou como Secret\u00e1rio da Fazenda, Presidente da Autarquia de Urbaniza\u00e7\u00e3o e Meio Ambiente de Caruaru &#8211; URB, e Secret\u00e1rio de Planejamento, Or\u00e7amento e Gest\u00e3o do munic\u00edpio.<\/p>\n<p style=\"text-align: justify;\">Instituto de Previd\u00eancia dos Servidores Municipais de Caruaru (CARUARUPREV)<br \/>_B\u00e1rbara Flor\u00eancio_<br \/>\u00c9 formada em Direito pela ASCES-UNITA e P\u00f3s-Graduada em Direito Processual Civil; Gest\u00e3o P\u00fablica; e Direito e Sa\u00fade. Atuou como Assessora T\u00e9cnica da Secretaria de Sa\u00fade de Caruaru, al\u00e9m de Chefe de Gabinete e Gerente Geral de Gest\u00e3o da mesma secretaria.<\/p>\n<p style=\"text-align: justify;\">Autarquia de Urbaniza\u00e7\u00e3o e Meio Ambiente de Caruaru (URB)<br \/>_Francisco Batista_<br \/>\u00c9 Arquiteto e Urbanista, formado pela Unifavip. Atuou como Gerente de Controle Urbano na SEURB, foi ainda Secret\u00e1rio Executivo na Autarquia de Urbanismo e Meio Ambiente de Caruaru.<\/p>\n<p>Foto: SEIC\/Divulga\u00e7\u00e3o.<\/p>\n\n\n<p><\/p>\n","protected":false},"excerpt":{"rendered":"<p>A Prefeita Raquel Lyra anunciou, nesta sexta-feira (1\u00ba), a rela\u00e7\u00e3o de secret\u00e1rios e gestores das autarquias e demais entidades da&hellip;<\/p>\n","protected":false},"author":1,"featured_media":65301,"comment_status":"open","ping_status":"open","sticky":false,"template":"","format":"standard","meta":{"footnotes":""},"categories":[14122],"tags":[2,19418,1950,20,20506],"class_list":["post-65299","post","type-post","status-publish","format-standard","has-post-thumbnail","hentry","category-politica","tag-blog-do-edvaldo-magalhaes","tag-blog-mais-acessado-de-caruaru-e-regiao","tag-noticias-de-caruaru","tag-politica","tag-prefeita-reeleita-de-caruaru-raquel-lyra-anuncia-secretariado-para-a-gestao-2021-2024"],"_links":{"self":[{"href":"https:\/\/blogdoedvaldomagalhaes.com.br\/index.php\/wp-json\/wp\/v2\/posts\/65299","targetHints":{"allow":["GET"]}}],"collection":[{"href":"https:\/\/blogdoedvaldomagalhaes.com.br\/index.php\/wp-json\/wp\/v2\/posts"}],"about":[{"href":"https:\/\/blogdoedvaldomagalhaes.com.br\/index.php\/wp-json\/wp\/v2\/types\/post"}],"author":[{"embeddable":true,"href":"https:\/\/blogdoedvaldomagalhaes.com.br\/index.php\/wp-json\/wp\/v2\/users\/1"}],"replies":[{"embeddable":true,"href":"https:\/\/blogdoedvaldomagalhaes.com.br\/index.php\/wp-json\/wp\/v2\/comments?post=65299"}],"version-history":[{"count":4,"href":"https:\/\/blogdoedvaldomagalhaes.com.br\/index.php\/wp-json\/wp\/v2\/posts\/65299\/revisions"}],"predecessor-version":[{"id":65305,"href":"https:\/\/blogdoedvaldomagalhaes.com.br\/index.php\/wp-json\/wp\/v2\/posts\/65299\/revisions\/65305"}],"wp:featuredmedia":[{"embeddable":true,"href":"https:\/\/blogdoedvaldomagalhaes.com.br\/index.php\/wp-json\/wp\/v2\/media\/65301"}],"wp:attachment":[{"href":"https:\/\/blogdoedvaldomagalhaes.com.br\/index.php\/wp-json\/wp\/v2\/media?parent=65299"}],"wp:term":[{"taxonomy":"category","embeddable":true,"href":"https:\/\/blogdoedvaldomagalhaes.com.br\/index.php\/wp-json\/wp\/v2\/categories?post=65299"},{"taxonomy":"post_tag","embeddable":true,"href":"https:\/\/blogdoedvaldomagalhaes.com.br\/index.php\/wp-json\/wp\/v2\/tags?post=65299"}],"curies":[{"name":"wp","href":"https:\/\/api.w.org\/{rel}","templated":true}]}}