{"id":6521,"date":"2017-03-15T10:58:00","date_gmt":"2017-03-15T13:58:00","guid":{"rendered":"http:\/\/blogdoedvaldomagalhaes.com.br\/index.php\/2017\/03\/15\/2-encontro-sobre-dificuldade-de\/"},"modified":"2019-02-09T01:20:14","modified_gmt":"2019-02-09T03:20:14","slug":"2-encontro-sobre-dificuldade-de","status":"publish","type":"post","link":"https:\/\/blogdoedvaldomagalhaes.com.br\/index.php\/2017\/03\/15\/2-encontro-sobre-dificuldade-de\/","title":{"rendered":"2\u00b0 Encontro sobre Dificuldade de Aprendizagem\u2019 de crian\u00e7as com S\u00edndrome Down em Caruaru"},"content":{"rendered":"<div style=\"background-color: white; border: 0px; margin-bottom: 1.5em; outline: 0px; padding: 0px; text-align: justify; vertical-align: baseline;\">\n<div class=\"separator\" style=\"clear: both; text-align: center;\">\n<a href=\"https:\/\/3.bp.blogspot.com\/-o3z6sDLOVu4\/WMkeNwqEgZI\/AAAAAAAARmc\/jAruVGZH0b0hOVBGEE47Yuv1vB7mxvBHwCLcB\/s1600\/down.jpg\" imageanchor=\"1\" style=\"margin-left: 1em; margin-right: 1em;\"><img loading=\"lazy\" decoding=\"async\" border=\"0\" height=\"205\" src=\"http:\/\/blogdoedvaldomagalhaes.com.br\/wp-content\/uploads\/2017\/03\/down.jpg\" width=\"400\" \/><\/a><\/div>\n<p>\nNeste s\u00e1bado (18) ser\u00e1 realizado o 2\u00b0 Encontro sobre Dificuldade de Aprendizagem de crian\u00e7as com S\u00edndrome Down, promovido pela ONG Reeducar, a partir das 8h da manh\u00e3 at\u00e9 ao meio-dia no Teatro Difusora, em Caruaru.<\/div>\n<div style=\"background-color: white; border: 0px; margin-bottom: 1.5em; outline: 0px; padding: 0px; text-align: justify; vertical-align: baseline;\">\nO evento contar\u00e1 com v\u00e1rios palestrantes na \u00e1rea de sa\u00fade. O objetivo \u00e9 de informar a sociedade sobre os transtornos de aprendizagem e de enfatizar o dia internacional da s\u00edndrome de Down, celebrado em 21 de mar\u00e7o.<\/div>\n<div style=\"background-color: white; border: 0px; margin-bottom: 1.5em; outline: 0px; padding: 0px; text-align: justify; vertical-align: baseline;\">\nDe acordo com a presidente da Reeducar, Psicopedagoga Fernanda Lima, todos poder\u00e3o se inscrever no local do evento mediante a uma doa\u00e7\u00e3o de um material pedag\u00f3gico para a ONG (como por exemplo: uma caixa de l\u00e1pis; caderno; papel of\u00edcio; tinta; pincel; hidrocor; l\u00e1pis de cera; papel crepom ou outro item).<\/div>\n<div style=\"background-color: white; border: 0px; margin-bottom: 1.5em; outline: 0px; padding: 0px; text-align: justify; vertical-align: baseline;\">\nA Reeducar \u00e9 uma entidade filantr\u00f3pica, sem fins lucrativos, que oferece apoio s\u00f3cio educativo e serve de ferramenta para minimizar a vulnerabilidade social das crian\u00e7as e adolescentes com transtornos globais.<\/div>\n<div style=\"background-color: white; border: 0px; margin-bottom: 1.5em; outline: 0px; padding: 0px; text-align: justify; vertical-align: baseline;\">\n\u00c9 respons\u00e1vel por incluir e tratar crian\u00e7as e adolescentes com faixa et\u00e1ria de 6 a 15 anos, com dificuldades ou transtornos de aprendizagem. Em seu cadastro, mais de 40 fam\u00edlias recebem assist\u00eancia m\u00e9dica e pedag\u00f3gica semanalmente. Dentro do projeto atuam pedagogos, fonoaudi\u00f3logos, psic\u00f3logos entre outros profissionais.<\/div>\n<div style=\"background-color: white; border: 0px; margin-bottom: 1.5em; outline: 0px; padding: 0px; text-align: justify; vertical-align: baseline;\">\nMais detalhes da palestra atrav\u00e9s dos telefones: (81) 9.9263.9258 \/ 9. 9249.7205<\/p>\n<div class=\"separator\" style=\"clear: both; text-align: center;\">\n<a href=\"http:\/\/blogdoedvaldomagalhaes.com.br\/wp-content\/uploads\/2017\/03\/liberdade.jpg\" imageanchor=\"1\" style=\"clear: left; float: left; margin-bottom: 1em; margin-right: 1em;\"><img decoding=\"async\" border=\"0\" src=\"http:\/\/blogdoedvaldomagalhaes.com.br\/wp-content\/uploads\/2017\/03\/liberdade.jpg\" \/><\/a><\/div>\n<p><\/div>\n","protected":false},"excerpt":{"rendered":"<p>Neste s\u00e1bado (18) ser\u00e1 realizado o 2\u00b0 Encontro sobre Dificuldade de Aprendizagem de crian\u00e7as com S\u00edndrome Down, promovido pela ONG&hellip;<\/p>\n","protected":false},"author":1,"featured_media":0,"comment_status":"open","ping_status":"open","sticky":false,"template":"","format":"standard","meta":{"footnotes":""},"categories":[1],"tags":[8826,992,6],"class_list":["post-6521","post","type-post","status-publish","format-standard","hentry","category-sem-categoria","tag-2-encontro-sobre-dificuldade-de-aprendizagem-de-criancas-com-sindrome-down-em-caruaru","tag-blog-do-edvaldo-do-magalhaes","tag-noticias"],"_links":{"self":[{"href":"https:\/\/blogdoedvaldomagalhaes.com.br\/index.php\/wp-json\/wp\/v2\/posts\/6521","targetHints":{"allow":["GET"]}}],"collection":[{"href":"https:\/\/blogdoedvaldomagalhaes.com.br\/index.php\/wp-json\/wp\/v2\/posts"}],"about":[{"href":"https:\/\/blogdoedvaldomagalhaes.com.br\/index.php\/wp-json\/wp\/v2\/types\/post"}],"author":[{"embeddable":true,"href":"https:\/\/blogdoedvaldomagalhaes.com.br\/index.php\/wp-json\/wp\/v2\/users\/1"}],"replies":[{"embeddable":true,"href":"https:\/\/blogdoedvaldomagalhaes.com.br\/index.php\/wp-json\/wp\/v2\/comments?post=6521"}],"version-history":[{"count":1,"href":"https:\/\/blogdoedvaldomagalhaes.com.br\/index.php\/wp-json\/wp\/v2\/posts\/6521\/revisions"}],"predecessor-version":[{"id":17781,"href":"https:\/\/blogdoedvaldomagalhaes.com.br\/index.php\/wp-json\/wp\/v2\/posts\/6521\/revisions\/17781"}],"wp:attachment":[{"href":"https:\/\/blogdoedvaldomagalhaes.com.br\/index.php\/wp-json\/wp\/v2\/media?parent=6521"}],"wp:term":[{"taxonomy":"category","embeddable":true,"href":"https:\/\/blogdoedvaldomagalhaes.com.br\/index.php\/wp-json\/wp\/v2\/categories?post=6521"},{"taxonomy":"post_tag","embeddable":true,"href":"https:\/\/blogdoedvaldomagalhaes.com.br\/index.php\/wp-json\/wp\/v2\/tags?post=6521"}],"curies":[{"name":"wp","href":"https:\/\/api.w.org\/{rel}","templated":true}]}}