{"id":6520,"date":"2017-03-15T15:48:00","date_gmt":"2017-03-15T18:48:00","guid":{"rendered":"http:\/\/blogdoedvaldomagalhaes.com.br\/index.php\/2017\/03\/15\/protesto-contra-reforma-da-previdencia\/"},"modified":"2019-02-09T01:20:14","modified_gmt":"2019-02-09T03:20:14","slug":"protesto-contra-reforma-da-previdencia","status":"publish","type":"post","link":"https:\/\/blogdoedvaldomagalhaes.com.br\/index.php\/2017\/03\/15\/protesto-contra-reforma-da-previdencia\/","title":{"rendered":"Protesto contra a Reforma da Previd\u00eancia em Caruaru"},"content":{"rendered":"<div class=\"separator\" style=\"clear: both; text-align: center;\">\n<a href=\"https:\/\/1.bp.blogspot.com\/-wql1ZqHM11Q\/WMlgiGk72XI\/AAAAAAAARnI\/qorKtG4Q590pSM0tTWESIC9hcBz8deafACLcB\/s1600\/00.jpg\" imageanchor=\"1\" style=\"margin-left: 1em; margin-right: 1em;\"><img loading=\"lazy\" decoding=\"async\" border=\"0\" height=\"225\" src=\"http:\/\/blogdoedvaldomagalhaes.com.br\/wp-content\/uploads\/2017\/03\/00.jpg\" width=\"400\" \/><\/a><\/div>\n<p><\/p>\n<div class=\"separator\" style=\"clear: both; text-align: center;\">\n<a href=\"https:\/\/1.bp.blogspot.com\/-2idRJ9isu5U\/WMlgkxTS8WI\/AAAAAAAARnM\/ahr2ozvZxwcM8FK83qU-pvE4Q6MMUcAbACLcB\/s1600\/03.jpg\" imageanchor=\"1\" style=\"margin-left: 1em; margin-right: 1em;\"><img loading=\"lazy\" decoding=\"async\" border=\"0\" height=\"225\" src=\"http:\/\/blogdoedvaldomagalhaes.com.br\/wp-content\/uploads\/2017\/03\/03.jpg\" width=\"400\" \/><\/a><\/div>\n<p><\/p>\n<div class=\"separator\" style=\"clear: both; text-align: center;\">\n<a href=\"https:\/\/2.bp.blogspot.com\/-QAEvu--29FI\/WMlgntt04RI\/AAAAAAAARnQ\/PF3BJdQVKscMdAsCGrHc4g07pO5KjOP0ACLcB\/s1600\/02.jpg\" imageanchor=\"1\" style=\"margin-left: 1em; margin-right: 1em;\"><img loading=\"lazy\" decoding=\"async\" border=\"0\" height=\"225\" src=\"http:\/\/blogdoedvaldomagalhaes.com.br\/wp-content\/uploads\/2017\/03\/02.jpg\" width=\"400\" \/><\/a><\/div>\n<div class=\"separator\" style=\"clear: both; text-align: center;\">\n<\/div>\n<div style=\"background: rgb(255, 255, 255); letter-spacing: -0.02em; line-height: 1.45em; outline: 0px; padding: 0px 0px 1.5em; text-align: justify;\">\nO protesto contra as Reformas Trabalhista e Previdenci\u00e1ria ocorreu na manh\u00e3 desta quarta-feira (15), em Caruaru. Os manifestantes se reuniram no Espa\u00e7o Major Clementino, depois caminharam pelo centro comercial da cidade, terminando a manifesta\u00e7\u00e3o em frente ao INSS.<\/div>\n<div style=\"background: rgb(255, 255, 255); letter-spacing: -0.02em; line-height: 1.45em; outline: 0px; padding: 0px 0px 1.5em; text-align: justify;\">\nOs organizadores disseram que cerca de 1.500 pessoas participaram, enquanto que a Pol\u00edcia Militar estimou a participa\u00e7\u00e3o de 200 manifestantes. Os professores pediram o pagamento integral do piso do magist\u00e9rio, e todos gritaram por diversas vezes: Fora Temer.<\/p>\n<div class=\"separator\" style=\"clear: both; text-align: center;\">\n<a href=\"http:\/\/blogdoedvaldomagalhaes.com.br\/wp-content\/uploads\/2017\/03\/etical.jpg\" imageanchor=\"1\" style=\"margin-left: 1em; margin-right: 1em;\"><img decoding=\"async\" border=\"0\" src=\"http:\/\/blogdoedvaldomagalhaes.com.br\/wp-content\/uploads\/2017\/03\/etical.jpg\" \/><\/a><\/div>\n<\/div>\n","protected":false},"excerpt":{"rendered":"<p>O protesto contra as Reformas Trabalhista e Previdenci\u00e1ria ocorreu na manh\u00e3 desta quarta-feira (15), em Caruaru. Os manifestantes se reuniram&hellip;<\/p>\n","protected":false},"author":1,"featured_media":0,"comment_status":"open","ping_status":"open","sticky":false,"template":"","format":"standard","meta":{"footnotes":""},"categories":[1],"tags":[992,8823,8824,6,8825],"class_list":["post-6520","post","type-post","status-publish","format-standard","hentry","category-sem-categoria","tag-blog-do-edvaldo-do-magalhaes","tag-espaco-major-clementino","tag-inss","tag-noticias","tag-protesto-contra-a-reforma-da-previdencia-em-caruaru"],"_links":{"self":[{"href":"https:\/\/blogdoedvaldomagalhaes.com.br\/index.php\/wp-json\/wp\/v2\/posts\/6520","targetHints":{"allow":["GET"]}}],"collection":[{"href":"https:\/\/blogdoedvaldomagalhaes.com.br\/index.php\/wp-json\/wp\/v2\/posts"}],"about":[{"href":"https:\/\/blogdoedvaldomagalhaes.com.br\/index.php\/wp-json\/wp\/v2\/types\/post"}],"author":[{"embeddable":true,"href":"https:\/\/blogdoedvaldomagalhaes.com.br\/index.php\/wp-json\/wp\/v2\/users\/1"}],"replies":[{"embeddable":true,"href":"https:\/\/blogdoedvaldomagalhaes.com.br\/index.php\/wp-json\/wp\/v2\/comments?post=6520"}],"version-history":[{"count":1,"href":"https:\/\/blogdoedvaldomagalhaes.com.br\/index.php\/wp-json\/wp\/v2\/posts\/6520\/revisions"}],"predecessor-version":[{"id":17786,"href":"https:\/\/blogdoedvaldomagalhaes.com.br\/index.php\/wp-json\/wp\/v2\/posts\/6520\/revisions\/17786"}],"wp:attachment":[{"href":"https:\/\/blogdoedvaldomagalhaes.com.br\/index.php\/wp-json\/wp\/v2\/media?parent=6520"}],"wp:term":[{"taxonomy":"category","embeddable":true,"href":"https:\/\/blogdoedvaldomagalhaes.com.br\/index.php\/wp-json\/wp\/v2\/categories?post=6520"},{"taxonomy":"post_tag","embeddable":true,"href":"https:\/\/blogdoedvaldomagalhaes.com.br\/index.php\/wp-json\/wp\/v2\/tags?post=6520"}],"curies":[{"name":"wp","href":"https:\/\/api.w.org\/{rel}","templated":true}]}}