{"id":65170,"date":"2020-12-28T16:00:51","date_gmt":"2020-12-28T19:00:51","guid":{"rendered":"https:\/\/blogdoedvaldomagalhaes.com.br\/?p=65170"},"modified":"2020-12-28T16:00:52","modified_gmt":"2020-12-28T19:00:52","slug":"seguimos-nosso-trabalho-de-proteger-o-cidadao-diz-lessa","status":"publish","type":"post","link":"https:\/\/blogdoedvaldomagalhaes.com.br\/index.php\/2020\/12\/28\/seguimos-nosso-trabalho-de-proteger-o-cidadao-diz-lessa\/","title":{"rendered":"\u201cSeguimos nosso trabalho de proteger o cidad\u00e3o\u201d, diz Lessa"},"content":{"rendered":"<p style=\"text-align: justify;\"><span style=\"font-size: inherit;\">O coordenador-geral da Frente Parlamentar de Seguran\u00e7a P\u00fablica (FPSP) da Assembleia Legislativa de Pernambuco (Alepe), deputado estadual Delegado Erick Lessa, avaliou as a\u00e7\u00f5es do colegiado ao longo de 2020. Al\u00e9m de reuni\u00f5es, a Frente realizou visitas t\u00e9cnicas e promoveu interlocu\u00e7\u00e3o com outros segmentos.<\/span><\/p>\n<p style=\"text-align: justify;\">No total, a FPSP realizou 13 reuni\u00f5es, sobre diversos assuntos referentes \u00e0 seguran\u00e7a no Estado. O coordenador-geral esteve nas reuni\u00f5es do Pacto Pela Vida, contribuindo na an\u00e1lise dos \u00edndices de viol\u00eancia e na elabora\u00e7\u00e3o de pol\u00edticas p\u00fablicas para a \u00e1rea. Entre outras atividades, houve a visita ao Centro Comunit\u00e1rio da Paz (Compaz), no Recife, um equipamento de preven\u00e7\u00e3o \u00e0 viol\u00eancia, inclus\u00e3o social e fortalecimento comunit\u00e1rio. A FPSP tamb\u00e9m se fez presente durante a instala\u00e7\u00e3o do Sistema Koban, de policiamento comunit\u00e1rio, no Monte Bom Jesus. O colegiado ainda realizou tratativas sobre a situa\u00e7\u00e3o da viol\u00eancia contra a mulher no munic\u00edpio de Caruaru e na regi\u00e3o.<\/p>\n<p style=\"text-align: justify;\">No m\u00eas de agosto, a Alepe promoveu a instala\u00e7\u00e3o da Comiss\u00e3o Permanente de Seguran\u00e7a P\u00fablica e Defesa Social. De acordo com Lessa, a a\u00e7\u00e3o \u00e9 um grande avan\u00e7o para o estado. \u201cCom um colegiado tem\u00e1tico permanente para debater o assunto na Alepe, \u00e9 poss\u00edvel contribuir de maneira mais efetiva na formula\u00e7\u00e3o de pol\u00edticas p\u00fablicas de redu\u00e7\u00e3o da viol\u00eancia\u201d, avaliou.<\/p>\n<p style=\"text-align: justify;\">O coordenador-geral aponta que, mesmo com as dificuldades enfrentadas por causa da pandemia, o balan\u00e7o das atividades da Frente \u00e9 positivo. \u201cDefendemos que para garantir seguran\u00e7a \u00e0s pessoas \u00e9 preciso investir em preven\u00e7\u00e3o e repress\u00e3o. Seguimos realizando nosso trabalho de proteger o cidad\u00e3o, a partir de ideias, planejamento e a\u00e7\u00f5es estrat\u00e9gicas\u201d, concluiu Lessa.<\/p>\n<p style=\"text-align: justify;\">\nFoto: Viliane Gomes<\/p>\n","protected":false},"excerpt":{"rendered":"<p>O coordenador-geral da Frente Parlamentar de Seguran\u00e7a P\u00fablica (FPSP) da Assembleia Legislativa de Pernambuco (Alepe), deputado estadual Delegado Erick Lessa,&hellip;<\/p>\n","protected":false},"author":1,"featured_media":65171,"comment_status":"open","ping_status":"open","sticky":false,"template":"","format":"standard","meta":{"footnotes":""},"categories":[14122],"tags":[20476,2,19418,9402,20],"class_list":["post-65170","post","type-post","status-publish","format-standard","has-post-thumbnail","hentry","category-politica","tag-seguimos-nosso-trabalho-de-proteger-o-cidadao","tag-blog-do-edvaldo-magalhaes","tag-blog-mais-acessado-de-caruaru-e-regiao","tag-erick-lessa","tag-politica"],"_links":{"self":[{"href":"https:\/\/blogdoedvaldomagalhaes.com.br\/index.php\/wp-json\/wp\/v2\/posts\/65170","targetHints":{"allow":["GET"]}}],"collection":[{"href":"https:\/\/blogdoedvaldomagalhaes.com.br\/index.php\/wp-json\/wp\/v2\/posts"}],"about":[{"href":"https:\/\/blogdoedvaldomagalhaes.com.br\/index.php\/wp-json\/wp\/v2\/types\/post"}],"author":[{"embeddable":true,"href":"https:\/\/blogdoedvaldomagalhaes.com.br\/index.php\/wp-json\/wp\/v2\/users\/1"}],"replies":[{"embeddable":true,"href":"https:\/\/blogdoedvaldomagalhaes.com.br\/index.php\/wp-json\/wp\/v2\/comments?post=65170"}],"version-history":[{"count":1,"href":"https:\/\/blogdoedvaldomagalhaes.com.br\/index.php\/wp-json\/wp\/v2\/posts\/65170\/revisions"}],"predecessor-version":[{"id":65172,"href":"https:\/\/blogdoedvaldomagalhaes.com.br\/index.php\/wp-json\/wp\/v2\/posts\/65170\/revisions\/65172"}],"wp:featuredmedia":[{"embeddable":true,"href":"https:\/\/blogdoedvaldomagalhaes.com.br\/index.php\/wp-json\/wp\/v2\/media\/65171"}],"wp:attachment":[{"href":"https:\/\/blogdoedvaldomagalhaes.com.br\/index.php\/wp-json\/wp\/v2\/media?parent=65170"}],"wp:term":[{"taxonomy":"category","embeddable":true,"href":"https:\/\/blogdoedvaldomagalhaes.com.br\/index.php\/wp-json\/wp\/v2\/categories?post=65170"},{"taxonomy":"post_tag","embeddable":true,"href":"https:\/\/blogdoedvaldomagalhaes.com.br\/index.php\/wp-json\/wp\/v2\/tags?post=65170"}],"curies":[{"name":"wp","href":"https:\/\/api.w.org\/{rel}","templated":true}]}}