{"id":65167,"date":"2020-12-28T15:06:20","date_gmt":"2020-12-28T18:06:20","guid":{"rendered":"https:\/\/blogdoedvaldomagalhaes.com.br\/?p=65167"},"modified":"2020-12-28T20:25:57","modified_gmt":"2020-12-28T23:25:57","slug":"pernambuco-registra-442-novos-casos-de-covid-19-e-17-novas-mortes","status":"publish","type":"post","link":"https:\/\/blogdoedvaldomagalhaes.com.br\/index.php\/2020\/12\/28\/pernambuco-registra-442-novos-casos-de-covid-19-e-17-novas-mortes\/","title":{"rendered":"Pernambuco registra 442 novos casos de Covid-19 e 17 novas mortes"},"content":{"rendered":"<div>\n<div style=\"text-align: justify;\"><span style=\"font-family: verdana, sans-serif;\">A Secretaria Estadual de Sa\u00fade (SES-PE) registrou, nesta segunda-feira (28\/12), 442 casos da Covid-19. Entre os confirmados hoje, 42 (9,5%) s\u00e3o casos de S\u00edndrome Respirat\u00f3ria Aguda Grave (SRAG) e 400 (90,5%) s\u00e3o leves. Agora, Pernambuco totaliza 215.994 casos confirmados da doen\u00e7a, sendo 29.243 graves e 186.751 leves, que est\u00e3o distribu\u00eddos por todos os 184 munic\u00edpios pernambucanos, al\u00e9m do arquip\u00e9lago de Fernando de Noronha.<\/p>\n<p>Al\u00e9m disso, o boletim registra um total de\u00a0<b><span style=\"color: #0000ff;\">184.966<\/span><\/b>\u00a0pacientes recuperados da doen\u00e7a. Destes, 18.349 eram pacientes graves, que necessitaram de internamento hospitalar, e 166.617 eram casos leves.<\/p>\n<p>Tamb\u00e9m foram confirmados laboratorialmente 17 novos \u00f3bitos (10 masculinos e 7 femininos), registrados entre os dias 02 e 27 de dezembro. As novas mortes s\u00e3o de pessoas residentes dos munic\u00edpios de Araripina (1), Caruaru (1), Cupira (1), Escada (1), Feira Nova (1), Olinda (2), Parnamirim (1), Paulista (1), Recife (4), Santa Cruz (1), Santa Cruz do Capibaribe (1), Santa Maria da Boa Vista (1) e S\u00e3o Vicente Ferrer (1). Com isso, o Estado totaliza 9.588 mortes pela doen\u00e7a.<\/p>\n<p>Os pacientes tinham idades entre 46 e 103 anos. As faixas et\u00e1rias s\u00e3o: 40 a 49 (2), 50 a 59 (2), 70 a 79 (5) e 80 ou mais (8). Do total, 15 tinham doen\u00e7as pr\u00e9-existentes: doen\u00e7a cardiovascular (9), diabetes (5), hipertens\u00e3o (4), obesidade (4), doen\u00e7a renal (4), doen\u00e7a respirat\u00f3ria (4), c\u00e2ncer (3), doen\u00e7a hep\u00e1tica (1), doen\u00e7a de Alzheimer (1), tabagismo (1) e etilismo (1) &#8211; um paciente pode ter mais de uma comorbidade. Os demais est\u00e3o em investiga\u00e7\u00e3o.<\/p>\n<p>Com rela\u00e7\u00e3o \u00e0 testagem dos profissionais de sa\u00fade com sintomas de gripe, em Pernambuco, at\u00e9 agora, 24.082 casos foram confirmados e 43.385 descartados. As testagens entre os trabalhadores do setor abrangem os profissionais de todas as unidades de sa\u00fade, sejam da rede p\u00fablica (estadual e municipal) ou privada. O Governo de Pernambuco foi o primeiro do pa\u00eds a criar um protocolo para testar e afastar os profissionais da \u00e1rea da sa\u00fade com sintomas gripais.\u00a0<\/span><\/div>\n<\/div>\n","protected":false},"excerpt":{"rendered":"<p>A Secretaria Estadual de Sa\u00fade (SES-PE) registrou, nesta segunda-feira (28\/12), 442 casos da Covid-19. Entre os confirmados hoje, 42 (9,5%)&hellip;<\/p>\n","protected":false},"author":1,"featured_media":65168,"comment_status":"open","ping_status":"open","sticky":false,"template":"","format":"standard","meta":{"footnotes":""},"categories":[14120],"tags":[2,19418,19670,20475],"class_list":["post-65167","post","type-post","status-publish","format-standard","has-post-thumbnail","hentry","category-noticias","tag-blog-do-edvaldo-magalhaes","tag-blog-mais-acessado-de-caruaru-e-regiao","tag-novo-coronavirus","tag-pernambuco-registra-442-novos-casos-de-covid-19-e-17-novas-mortes"],"_links":{"self":[{"href":"https:\/\/blogdoedvaldomagalhaes.com.br\/index.php\/wp-json\/wp\/v2\/posts\/65167","targetHints":{"allow":["GET"]}}],"collection":[{"href":"https:\/\/blogdoedvaldomagalhaes.com.br\/index.php\/wp-json\/wp\/v2\/posts"}],"about":[{"href":"https:\/\/blogdoedvaldomagalhaes.com.br\/index.php\/wp-json\/wp\/v2\/types\/post"}],"author":[{"embeddable":true,"href":"https:\/\/blogdoedvaldomagalhaes.com.br\/index.php\/wp-json\/wp\/v2\/users\/1"}],"replies":[{"embeddable":true,"href":"https:\/\/blogdoedvaldomagalhaes.com.br\/index.php\/wp-json\/wp\/v2\/comments?post=65167"}],"version-history":[{"count":2,"href":"https:\/\/blogdoedvaldomagalhaes.com.br\/index.php\/wp-json\/wp\/v2\/posts\/65167\/revisions"}],"predecessor-version":[{"id":65192,"href":"https:\/\/blogdoedvaldomagalhaes.com.br\/index.php\/wp-json\/wp\/v2\/posts\/65167\/revisions\/65192"}],"wp:featuredmedia":[{"embeddable":true,"href":"https:\/\/blogdoedvaldomagalhaes.com.br\/index.php\/wp-json\/wp\/v2\/media\/65168"}],"wp:attachment":[{"href":"https:\/\/blogdoedvaldomagalhaes.com.br\/index.php\/wp-json\/wp\/v2\/media?parent=65167"}],"wp:term":[{"taxonomy":"category","embeddable":true,"href":"https:\/\/blogdoedvaldomagalhaes.com.br\/index.php\/wp-json\/wp\/v2\/categories?post=65167"},{"taxonomy":"post_tag","embeddable":true,"href":"https:\/\/blogdoedvaldomagalhaes.com.br\/index.php\/wp-json\/wp\/v2\/tags?post=65167"}],"curies":[{"name":"wp","href":"https:\/\/api.w.org\/{rel}","templated":true}]}}