{"id":65164,"date":"2020-12-28T14:56:11","date_gmt":"2020-12-28T17:56:11","guid":{"rendered":"https:\/\/blogdoedvaldomagalhaes.com.br\/?p=65164"},"modified":"2020-12-28T14:56:12","modified_gmt":"2020-12-28T17:56:12","slug":"covid-19-ses-pe-lanca-cartilha-com-orientacoes-para-gestantes-e-puerperas","status":"publish","type":"post","link":"https:\/\/blogdoedvaldomagalhaes.com.br\/index.php\/2020\/12\/28\/covid-19-ses-pe-lanca-cartilha-com-orientacoes-para-gestantes-e-puerperas\/","title":{"rendered":"Covid-19: SES-PE lan\u00e7a cartilha com orienta\u00e7\u00f5es para gestantes e pu\u00e9rperas"},"content":{"rendered":"<p style=\"font-weight: 400; text-align: justify;\">A Secretaria Estadual de Sa\u00fade (SES-PE) disponibiliza para os profissionais de sa\u00fade dos mais diversos n\u00edveis de aten\u00e7\u00e3o e para a popula\u00e7\u00e3o em geral a\u00a0<strong><em>Cartilha de recomenda\u00e7\u00f5es para gestantes e pu\u00e9rperas frente \u00e0 pandemia da Covid-19<\/em><\/strong>. O material, dispon\u00edvel para baixar gratuitamente no\u00a0<a href=\"https:\/\/cutt.ly\/dh5Ivvz\" data-saferedirecturl=\"https:\/\/www.google.com\/url?q=https:\/\/cutt.ly\/dh5Ivvz&amp;source=gmail&amp;ust=1609257304238000&amp;usg=AFQjCNHD-WtiAumtWrZqzz27N9T24YbeoA\">https:\/\/cutt.ly\/dh5Ivvz<\/a>, traz, em linguagem clara e acess\u00edvel, orienta\u00e7\u00f5es sobre medidas de higiene e seguran\u00e7a, informa\u00e7\u00f5es sobre testagem e acompanhamento das gestantes e pu\u00e9rperas durante a pandemia do novo coronav\u00edrus.<\/p>\n<p style=\"font-weight: 400; text-align: justify;\">De acordo com o Minist\u00e9rio da Sa\u00fade (MS), gestantes e pu\u00e9rperas at\u00e9 14 dias ap\u00f3s o parto s\u00e3o consideradas grupo de risco para a Covid-19. Por isso, a SES-PE refor\u00e7a a import\u00e2ncia dessas mulheres utilizarem corretamente a m\u00e1scara, fazerem constantemente a higieniza\u00e7\u00e3o das m\u00e3os e manterem o distanciamento social. Em caso de sintomas sugestivos para a doen\u00e7a, \u00e9 imprescind\u00edvel procurar um servi\u00e7o de sa\u00fade para que o devido acompanhamento seja ofertado.<\/p>\n<p style=\"font-weight: 400; text-align: justify;\">&#8221; Se ap\u00f3s o 5\u00ba dia de doen\u00e7a a mulher ainda apresentar sintomas, ela poder\u00e1 ser encaminhada para internamento e monitoramento mais rigorosa, pois nesta fase \u00e9 mais frequente a piora do quadro cl\u00ednico&#8221;, afirma a gerente de Aten\u00e7\u00e3o \u00e0 Sa\u00fade da Mulher da SES-PE, Cleon\u00fasia Vasconcelos.<\/p>\n<p style=\"font-weight: 400; text-align: justify;\">De acordo com orienta\u00e7\u00e3o da SES-PE, al\u00e9m da testagem das gestantes e pu\u00e9rperas que apresentarem sintomas sugestivos para o novo coronav\u00edrus, todas as gestantes, mesmo que assintom\u00e1ticas, tamb\u00e9m devem fazer o teste molecular de RT-PCR no internamento da maternidade, seja para tratamento cl\u00ednico ou para o parto. Todo procedimento cir\u00fargico eletivo tamb\u00e9m deve ser precedido desse exame.<\/p>\n<p style=\"font-weight: 400; text-align: justify;\"><strong>RECOMENDA\u00c7\u00d5ES &#8211;<\/strong>\u00a0A Secretaria Estadual de Sa\u00fade destaca que, apesar da pandemia, o pr\u00e9-natal deve ser mantido, al\u00e9m dos exames e vacinas preconizados. Servi\u00e7os que disponibilizem do recurso da teleconsulta podem utilizar esta ferramenta em algumas situa\u00e7\u00f5es especiais, para pacientes de baixo risco e sem intercorr\u00eancias.<\/p>\n<p style=\"font-weight: 400; text-align: justify;\">A amamenta\u00e7\u00e3o \u00e9 fundamental e deve ser mantida, sempre utilizando m\u00e1scara e lavando as m\u00e3os antes e ap\u00f3s pegar no beb\u00ea ou manipula\u00e7\u00e3o de mamadeiras e bombas de leite. O planejamento reprodutivo p\u00f3s-parto ou abortamento deve ser incentivado, n\u00e3o havendo nenhuma restri\u00e7\u00e3o na pandemia para o uso de m\u00e9todos contraceptivos, inclusive a inser\u00e7\u00e3o do Dispositivo Intrauterino (DIU)<\/p>\n","protected":false},"excerpt":{"rendered":"<p>A Secretaria Estadual de Sa\u00fade (SES-PE) disponibiliza para os profissionais de sa\u00fade dos mais diversos n\u00edveis de aten\u00e7\u00e3o e para&hellip;<\/p>\n","protected":false},"author":1,"featured_media":65165,"comment_status":"open","ping_status":"open","sticky":false,"template":"","format":"standard","meta":{"footnotes":""},"categories":[14120],"tags":[2,19418,20474],"class_list":["post-65164","post","type-post","status-publish","format-standard","has-post-thumbnail","hentry","category-noticias","tag-blog-do-edvaldo-magalhaes","tag-blog-mais-acessado-de-caruaru-e-regiao","tag-covid-19-ses-pe-lanca-cartilha-com-orientacoes-para-gestantes-e-puerperas"],"_links":{"self":[{"href":"https:\/\/blogdoedvaldomagalhaes.com.br\/index.php\/wp-json\/wp\/v2\/posts\/65164","targetHints":{"allow":["GET"]}}],"collection":[{"href":"https:\/\/blogdoedvaldomagalhaes.com.br\/index.php\/wp-json\/wp\/v2\/posts"}],"about":[{"href":"https:\/\/blogdoedvaldomagalhaes.com.br\/index.php\/wp-json\/wp\/v2\/types\/post"}],"author":[{"embeddable":true,"href":"https:\/\/blogdoedvaldomagalhaes.com.br\/index.php\/wp-json\/wp\/v2\/users\/1"}],"replies":[{"embeddable":true,"href":"https:\/\/blogdoedvaldomagalhaes.com.br\/index.php\/wp-json\/wp\/v2\/comments?post=65164"}],"version-history":[{"count":1,"href":"https:\/\/blogdoedvaldomagalhaes.com.br\/index.php\/wp-json\/wp\/v2\/posts\/65164\/revisions"}],"predecessor-version":[{"id":65166,"href":"https:\/\/blogdoedvaldomagalhaes.com.br\/index.php\/wp-json\/wp\/v2\/posts\/65164\/revisions\/65166"}],"wp:featuredmedia":[{"embeddable":true,"href":"https:\/\/blogdoedvaldomagalhaes.com.br\/index.php\/wp-json\/wp\/v2\/media\/65165"}],"wp:attachment":[{"href":"https:\/\/blogdoedvaldomagalhaes.com.br\/index.php\/wp-json\/wp\/v2\/media?parent=65164"}],"wp:term":[{"taxonomy":"category","embeddable":true,"href":"https:\/\/blogdoedvaldomagalhaes.com.br\/index.php\/wp-json\/wp\/v2\/categories?post=65164"},{"taxonomy":"post_tag","embeddable":true,"href":"https:\/\/blogdoedvaldomagalhaes.com.br\/index.php\/wp-json\/wp\/v2\/tags?post=65164"}],"curies":[{"name":"wp","href":"https:\/\/api.w.org\/{rel}","templated":true}]}}