{"id":65151,"date":"2020-12-27T19:52:52","date_gmt":"2020-12-27T22:52:52","guid":{"rendered":"https:\/\/blogdoedvaldomagalhaes.com.br\/?p=65151"},"modified":"2020-12-27T21:27:53","modified_gmt":"2020-12-28T00:27:53","slug":"vereador-eleito-carlinhos-da-ceaca-esta-recuperado-da-covid-19","status":"publish","type":"post","link":"https:\/\/blogdoedvaldomagalhaes.com.br\/index.php\/2020\/12\/27\/vereador-eleito-carlinhos-da-ceaca-esta-recuperado-da-covid-19\/","title":{"rendered":"Vereador eleito Carlinhos da Ceaca est\u00e1 recuperado da Covid-19"},"content":{"rendered":"<p style=\"text-align: justify;\">O vereador eleito de Caruaru, Carlinhos da Ceaca (MDB), est\u00e1 recuperado da Covid-19, recebeu alta do Hospital Municipal Manoel Afonso, neste domingo (27), e retornou ao conv\u00edvio dos seus familiares, sendo recebido com festa pelos seus vizinhos.<\/p>\n<p style=\"text-align: justify;\">Carlinhos da Ceaca n\u00e3o participou da diploma\u00e7\u00e3o de forma presencial no \u00faltimo dia 18, mas teve a diploma\u00e7\u00e3o confirmada pela Justi\u00e7a Eleitoral. A expectativa \u00e9 que o vereador eleito participe da posse, em 1\u00ba de janeiro.<\/p>\n\n\n<figure class=\"wp-block-image size-large\"><img loading=\"lazy\" decoding=\"async\" width=\"1024\" height=\"901\" src=\"https:\/\/blogdoedvaldomagalhaes.com.br\/wp-content\/uploads\/2020\/12\/FB_IMG_1609107966507-1024x901.jpg\" alt=\"\" class=\"wp-image-65153\" srcset=\"https:\/\/blogdoedvaldomagalhaes.com.br\/wp-content\/uploads\/2020\/12\/FB_IMG_1609107966507-1024x901.jpg 1024w, https:\/\/blogdoedvaldomagalhaes.com.br\/wp-content\/uploads\/2020\/12\/FB_IMG_1609107966507-300x264.jpg 300w, https:\/\/blogdoedvaldomagalhaes.com.br\/wp-content\/uploads\/2020\/12\/FB_IMG_1609107966507-768x676.jpg 768w, https:\/\/blogdoedvaldomagalhaes.com.br\/wp-content\/uploads\/2020\/12\/FB_IMG_1609107966507.jpg 1080w\" sizes=\"auto, (max-width: 1024px) 100vw, 1024px\" \/><figcaption>A foto mostra Carlinhos da Ceaca chegando em casa <\/figcaption><\/figure>\n","protected":false},"excerpt":{"rendered":"<p>O vereador eleito de Caruaru, Carlinhos da Ceaca (MDB), est\u00e1 recuperado da Covid-19, recebeu alta do Hospital Municipal Manoel Afonso,&hellip;<\/p>\n","protected":false},"author":1,"featured_media":65152,"comment_status":"open","ping_status":"open","sticky":false,"template":"","format":"standard","meta":{"footnotes":""},"categories":[14120],"tags":[2,19418,19670,20472],"class_list":["post-65151","post","type-post","status-publish","format-standard","has-post-thumbnail","hentry","category-noticias","tag-blog-do-edvaldo-magalhaes","tag-blog-mais-acessado-de-caruaru-e-regiao","tag-novo-coronavirus","tag-vereador-eleito-carlinhos-da-ceaca-esta-recuperado-da-covid-19"],"_links":{"self":[{"href":"https:\/\/blogdoedvaldomagalhaes.com.br\/index.php\/wp-json\/wp\/v2\/posts\/65151","targetHints":{"allow":["GET"]}}],"collection":[{"href":"https:\/\/blogdoedvaldomagalhaes.com.br\/index.php\/wp-json\/wp\/v2\/posts"}],"about":[{"href":"https:\/\/blogdoedvaldomagalhaes.com.br\/index.php\/wp-json\/wp\/v2\/types\/post"}],"author":[{"embeddable":true,"href":"https:\/\/blogdoedvaldomagalhaes.com.br\/index.php\/wp-json\/wp\/v2\/users\/1"}],"replies":[{"embeddable":true,"href":"https:\/\/blogdoedvaldomagalhaes.com.br\/index.php\/wp-json\/wp\/v2\/comments?post=65151"}],"version-history":[{"count":2,"href":"https:\/\/blogdoedvaldomagalhaes.com.br\/index.php\/wp-json\/wp\/v2\/posts\/65151\/revisions"}],"predecessor-version":[{"id":65156,"href":"https:\/\/blogdoedvaldomagalhaes.com.br\/index.php\/wp-json\/wp\/v2\/posts\/65151\/revisions\/65156"}],"wp:featuredmedia":[{"embeddable":true,"href":"https:\/\/blogdoedvaldomagalhaes.com.br\/index.php\/wp-json\/wp\/v2\/media\/65152"}],"wp:attachment":[{"href":"https:\/\/blogdoedvaldomagalhaes.com.br\/index.php\/wp-json\/wp\/v2\/media?parent=65151"}],"wp:term":[{"taxonomy":"category","embeddable":true,"href":"https:\/\/blogdoedvaldomagalhaes.com.br\/index.php\/wp-json\/wp\/v2\/categories?post=65151"},{"taxonomy":"post_tag","embeddable":true,"href":"https:\/\/blogdoedvaldomagalhaes.com.br\/index.php\/wp-json\/wp\/v2\/tags?post=65151"}],"curies":[{"name":"wp","href":"https:\/\/api.w.org\/{rel}","templated":true}]}}