{"id":65147,"date":"2020-12-27T19:21:22","date_gmt":"2020-12-27T22:21:22","guid":{"rendered":"https:\/\/blogdoedvaldomagalhaes.com.br\/?p=65147"},"modified":"2020-12-27T19:21:24","modified_gmt":"2020-12-27T22:21:24","slug":"caruaru-registra-41-novos-casos-de-covid-19-e-mais-45-pacientes-estao-recuperados","status":"publish","type":"post","link":"https:\/\/blogdoedvaldomagalhaes.com.br\/index.php\/2020\/12\/27\/caruaru-registra-41-novos-casos-de-covid-19-e-mais-45-pacientes-estao-recuperados\/","title":{"rendered":"Caruaru registra 41 novos casos de Covid-19 e mais 45 pacientes est\u00e3o recuperados"},"content":{"rendered":"<p style=\"text-align: justify;\">A Secretaria de Sa\u00fade de Caruaru informa que registrou\u00a0 41 novos casos de Covid-19 e mais 45 pacientes se recuperaram do v\u00edrus, n<span style=\"font-size: inherit;\">este domingo (27). Ao todo, 95,97% dos pacientes j\u00e1 se recuperaram do novo coronav\u00edrus.<\/span><\/p>\n<p style=\"text-align: justify;\">O n\u00famero de testes realizados subiu para 42.222 dos quais 16.550 foram atrav\u00e9s do teste molecular e 25.672 do teste r\u00e1pido, com 12.993 confirma\u00e7\u00f5es para \u00e0 Covid-19.<\/p>\n<p style=\"text-align: justify;\">O n\u00famero de casos descartados subiu para 28.471.<\/p>\n<p style=\"text-align: justify;\">Tamb\u00e9m j\u00e1 foram registrados 55.734 casos de s\u00edndrome gripal. Hoje, 2.995 pacientes est\u00e3o orientados a ficar em isolamento domiciliar.<\/p>\n\n\n<figure class=\"wp-block-image size-large\"><img loading=\"lazy\" decoding=\"async\" width=\"1024\" height=\"1024\" src=\"https:\/\/blogdoedvaldomagalhaes.com.br\/wp-content\/uploads\/2020\/12\/IMG-20201227-WA0107-1024x1024.jpg\" alt=\"\" class=\"wp-image-65148\" srcset=\"https:\/\/blogdoedvaldomagalhaes.com.br\/wp-content\/uploads\/2020\/12\/IMG-20201227-WA0107-1024x1024.jpg 1024w, https:\/\/blogdoedvaldomagalhaes.com.br\/wp-content\/uploads\/2020\/12\/IMG-20201227-WA0107-300x300.jpg 300w, https:\/\/blogdoedvaldomagalhaes.com.br\/wp-content\/uploads\/2020\/12\/IMG-20201227-WA0107-150x150.jpg 150w, https:\/\/blogdoedvaldomagalhaes.com.br\/wp-content\/uploads\/2020\/12\/IMG-20201227-WA0107-768x768.jpg 768w, https:\/\/blogdoedvaldomagalhaes.com.br\/wp-content\/uploads\/2020\/12\/IMG-20201227-WA0107.jpg 1280w\" sizes=\"auto, (max-width: 1024px) 100vw, 1024px\" \/><\/figure>\n","protected":false},"excerpt":{"rendered":"<p>A Secretaria de Sa\u00fade de Caruaru informa que registrou\u00a0 41 novos casos de Covid-19 e mais 45 pacientes se recuperaram&hellip;<\/p>\n","protected":false},"author":1,"featured_media":65149,"comment_status":"open","ping_status":"open","sticky":false,"template":"","format":"standard","meta":{"footnotes":""},"categories":[14120],"tags":[2,19418,20471,1950,19670],"class_list":["post-65147","post","type-post","status-publish","format-standard","has-post-thumbnail","hentry","category-noticias","tag-blog-do-edvaldo-magalhaes","tag-blog-mais-acessado-de-caruaru-e-regiao","tag-caruaru-registra-41-novos-casos-de-covid-19-e-mais-45-pacientes-estao-recuperados","tag-noticias-de-caruaru","tag-novo-coronavirus"],"_links":{"self":[{"href":"https:\/\/blogdoedvaldomagalhaes.com.br\/index.php\/wp-json\/wp\/v2\/posts\/65147","targetHints":{"allow":["GET"]}}],"collection":[{"href":"https:\/\/blogdoedvaldomagalhaes.com.br\/index.php\/wp-json\/wp\/v2\/posts"}],"about":[{"href":"https:\/\/blogdoedvaldomagalhaes.com.br\/index.php\/wp-json\/wp\/v2\/types\/post"}],"author":[{"embeddable":true,"href":"https:\/\/blogdoedvaldomagalhaes.com.br\/index.php\/wp-json\/wp\/v2\/users\/1"}],"replies":[{"embeddable":true,"href":"https:\/\/blogdoedvaldomagalhaes.com.br\/index.php\/wp-json\/wp\/v2\/comments?post=65147"}],"version-history":[{"count":1,"href":"https:\/\/blogdoedvaldomagalhaes.com.br\/index.php\/wp-json\/wp\/v2\/posts\/65147\/revisions"}],"predecessor-version":[{"id":65150,"href":"https:\/\/blogdoedvaldomagalhaes.com.br\/index.php\/wp-json\/wp\/v2\/posts\/65147\/revisions\/65150"}],"wp:featuredmedia":[{"embeddable":true,"href":"https:\/\/blogdoedvaldomagalhaes.com.br\/index.php\/wp-json\/wp\/v2\/media\/65149"}],"wp:attachment":[{"href":"https:\/\/blogdoedvaldomagalhaes.com.br\/index.php\/wp-json\/wp\/v2\/media?parent=65147"}],"wp:term":[{"taxonomy":"category","embeddable":true,"href":"https:\/\/blogdoedvaldomagalhaes.com.br\/index.php\/wp-json\/wp\/v2\/categories?post=65147"},{"taxonomy":"post_tag","embeddable":true,"href":"https:\/\/blogdoedvaldomagalhaes.com.br\/index.php\/wp-json\/wp\/v2\/tags?post=65147"}],"curies":[{"name":"wp","href":"https:\/\/api.w.org\/{rel}","templated":true}]}}