{"id":65144,"date":"2020-12-27T18:38:33","date_gmt":"2020-12-27T21:38:33","guid":{"rendered":"https:\/\/blogdoedvaldomagalhaes.com.br\/?p=65144"},"modified":"2020-12-28T09:28:12","modified_gmt":"2020-12-28T12:28:12","slug":"homem-e-assassinado-com-varias-facadas-em-caruaru-neste-domingo-27","status":"publish","type":"post","link":"https:\/\/blogdoedvaldomagalhaes.com.br\/index.php\/2020\/12\/27\/homem-e-assassinado-com-varias-facadas-em-caruaru-neste-domingo-27\/","title":{"rendered":"Homem \u00e9 assassinado com v\u00e1rias facadas em Caruaru neste domingo (27)"},"content":{"rendered":"<article id=\"post-157621\" class=\"newsplus main-article post-157621 post type-post status-publish format-standard has-post-thumbnail hentry category-destaque category-ultimas-noticias tag-caruaru tag-homicidio tag-policia\">\n<div class=\"entry-content articlebody\">\n<p style=\"text-align: justify;\"><span style=\"font-size: inherit;\">O andarilho Jos\u00e9 Adilson Alves, de 47 anos, foi assassinado a facadas na final da tarde deste domingo (27), na avenida Madri, localizada ao lado da pra\u00e7a da ASCES-UNITA, no bairro Universit\u00e1rio em Caruaru. A v\u00edtima foi atacada por um adolescente que estava cometendo assaltos na \u00e1rea, o acusado desferiu dois golpes contra a v\u00edtima, moradores de um dos pr\u00e9dios acionaram o Samu e antes da chegada do socorro, o adolescente voltou e desferiu mais onze golpes na v\u00edtima, que morreu no local.<\/span><\/p>\n<p style=\"text-align: justify;\">Uma guarni\u00e7\u00e3o do BIEsp foi ao local e atrav\u00e9s de imagens cedidas por moradores da \u00e1rea que mostram a v\u00edtima sendo assassinada, realizaram dilig\u00eancias e apreenderam o agressor a poucos quarteir\u00f5es dali e em seguida ele foi levado para a Divis\u00e3o de Homic\u00eddios.<\/p>\n<p style=\"text-align: justify;\">Acredita-se que o andarilho foi morto por trazer algum tipo de incomodo ao adolescente que estava cometendo assaltos, que o atacou sem qualquer temor de ser apreendido.<\/p>\n<p style=\"text-align: justify;\">Este \u00e9 o 9\u00ba homic\u00eddio do m\u00eas de dezembro em Caruaru. Neste ano de 2020, 134 pessoas foram assassinadas no munic\u00edpio.<\/p>\n<\/div>\n<\/article>\n<nav class=\"navigation post-navigation\" role=\"navigation\" aria-label=\"Posts\">\n<div class=\"nav-links\">\n<div class=\"nav-previous\" style=\"text-align: justify;\"><\/div>\n<\/div>\n<\/nav>\n","protected":false},"excerpt":{"rendered":"<p>O andarilho Jos\u00e9 Adilson Alves, de 47 anos, foi assassinado a facadas na final da tarde deste domingo (27), na&hellip;<\/p>\n","protected":false},"author":1,"featured_media":65145,"comment_status":"open","ping_status":"open","sticky":false,"template":"","format":"standard","meta":{"footnotes":""},"categories":[14121],"tags":[2,19532,20470,1950],"class_list":["post-65144","post","type-post","status-publish","format-standard","has-post-thumbnail","hentry","category-policial","tag-blog-do-edvaldo-magalhaes","tag-blog-mais-acessado-e-visualizado-de-caruaru-e-regiao","tag-homem-e-assassinado-com-varias-facadas-em-caruaru-neste-domingo-27","tag-noticias-de-caruaru"],"_links":{"self":[{"href":"https:\/\/blogdoedvaldomagalhaes.com.br\/index.php\/wp-json\/wp\/v2\/posts\/65144","targetHints":{"allow":["GET"]}}],"collection":[{"href":"https:\/\/blogdoedvaldomagalhaes.com.br\/index.php\/wp-json\/wp\/v2\/posts"}],"about":[{"href":"https:\/\/blogdoedvaldomagalhaes.com.br\/index.php\/wp-json\/wp\/v2\/types\/post"}],"author":[{"embeddable":true,"href":"https:\/\/blogdoedvaldomagalhaes.com.br\/index.php\/wp-json\/wp\/v2\/users\/1"}],"replies":[{"embeddable":true,"href":"https:\/\/blogdoedvaldomagalhaes.com.br\/index.php\/wp-json\/wp\/v2\/comments?post=65144"}],"version-history":[{"count":3,"href":"https:\/\/blogdoedvaldomagalhaes.com.br\/index.php\/wp-json\/wp\/v2\/posts\/65144\/revisions"}],"predecessor-version":[{"id":65163,"href":"https:\/\/blogdoedvaldomagalhaes.com.br\/index.php\/wp-json\/wp\/v2\/posts\/65144\/revisions\/65163"}],"wp:featuredmedia":[{"embeddable":true,"href":"https:\/\/blogdoedvaldomagalhaes.com.br\/index.php\/wp-json\/wp\/v2\/media\/65145"}],"wp:attachment":[{"href":"https:\/\/blogdoedvaldomagalhaes.com.br\/index.php\/wp-json\/wp\/v2\/media?parent=65144"}],"wp:term":[{"taxonomy":"category","embeddable":true,"href":"https:\/\/blogdoedvaldomagalhaes.com.br\/index.php\/wp-json\/wp\/v2\/categories?post=65144"},{"taxonomy":"post_tag","embeddable":true,"href":"https:\/\/blogdoedvaldomagalhaes.com.br\/index.php\/wp-json\/wp\/v2\/tags?post=65144"}],"curies":[{"name":"wp","href":"https:\/\/api.w.org\/{rel}","templated":true}]}}