{"id":65140,"date":"2020-12-27T16:02:23","date_gmt":"2020-12-27T19:02:23","guid":{"rendered":"https:\/\/blogdoedvaldomagalhaes.com.br\/?p=65140"},"modified":"2020-12-27T16:02:24","modified_gmt":"2020-12-27T19:02:24","slug":"homem-e-detido-por-cultivo-de-maconha-trafico-de-drogas-e-porte-ilegal-de-arma-de-fogo","status":"publish","type":"post","link":"https:\/\/blogdoedvaldomagalhaes.com.br\/index.php\/2020\/12\/27\/homem-e-detido-por-cultivo-de-maconha-trafico-de-drogas-e-porte-ilegal-de-arma-de-fogo\/","title":{"rendered":"Homem \u00e9 detido por cultivo de maconha, tr\u00e1fico de drogas e porte ilegal de arma de fogo"},"content":{"rendered":"<p style=\"text-align: justify;\">Nesse s\u00e1bado(26), policiais militares da 8\u00b0CIPM, realizavam rondas, quando numa estrada vicinal do S\u00edtio Varzinha, espa\u00e7o rural da cidade de Pesqueira, visualizaram dois indiv\u00edduos, em atitude suspeita, que ao avistar o policiamento, empreenderam fuga adentrando na vegeta\u00e7\u00e3o. De imediato, o policiamento realizou o acompanhamento, por\u00e9m perdeu-os de vista.<\/p>\n<p style=\"text-align: justify;\">Durante as incurs\u00f5es, a PM encontrou, rodeado estrategicamente por um plantio de capim e outras culturas, um plantio de aproximadamente 500 p\u00e9s de planta\u00e7\u00e3o de maconha. O propriet\u00e1rio do terreno, indagado sobre o plantio, debochou, desacatou e tentou agredir o efetivo policial, que o conteve. Durante mais buscas pelo terreno, foi encontrado 2.075g da mesma droga, pronta para o consumo, sendo que parte desse material, estava embalado em 21 papelotes t\u00edpico de venda, duas balan\u00e7as, papel, saco pl\u00e1stico e fita adesiva para embalagem do entorpecente. Ainda nas imedia\u00e7\u00f5es, foi tamb\u00e9m encontrado escondido embaixo de um amontoado de terra e restos de vegeta\u00e7\u00e3o seca, um rev\u00f3lver cal.38, com quatro muni\u00e7\u00f5es intactas, uma espingarda tipo carabina de press\u00e3o e ainda um recipiente pl\u00e1stico contendo aproximadamente 1.740g de sementes da maconha. O proprietario ent\u00e3o relatou que praticava o cultivo e a venda da droga para poder se sustentar. Com o acusado foi encontrado uma quantia de R$430,00 em esp\u00e9cie. Ele tamb\u00e9m \u00e9 ex-presidi\u00e1rio pelo crime de tr\u00e1fico de drogas.<\/p>\n<p style=\"text-align: justify;\">Diante dos fatos, os PMs conduziram o suspeito, juntamente com todo material apreendido, para a DP da localidade, para ado\u00e7\u00e3o das medidas cab\u00edveis.<\/p>\n","protected":false},"excerpt":{"rendered":"<p>Nesse s\u00e1bado(26), policiais militares da 8\u00b0CIPM, realizavam rondas, quando numa estrada vicinal do S\u00edtio Varzinha, espa\u00e7o rural da cidade de&hellip;<\/p>\n","protected":false},"author":1,"featured_media":65141,"comment_status":"open","ping_status":"open","sticky":false,"template":"","format":"standard","meta":{"footnotes":""},"categories":[14121],"tags":[2,19418,20469],"class_list":["post-65140","post","type-post","status-publish","format-standard","has-post-thumbnail","hentry","category-policial","tag-blog-do-edvaldo-magalhaes","tag-blog-mais-acessado-de-caruaru-e-regiao","tag-homem-e-detido-por-cultivo-de-maconha-trafico-de-drogas-e-porte-ilegal-de-arma-de-fogo"],"_links":{"self":[{"href":"https:\/\/blogdoedvaldomagalhaes.com.br\/index.php\/wp-json\/wp\/v2\/posts\/65140","targetHints":{"allow":["GET"]}}],"collection":[{"href":"https:\/\/blogdoedvaldomagalhaes.com.br\/index.php\/wp-json\/wp\/v2\/posts"}],"about":[{"href":"https:\/\/blogdoedvaldomagalhaes.com.br\/index.php\/wp-json\/wp\/v2\/types\/post"}],"author":[{"embeddable":true,"href":"https:\/\/blogdoedvaldomagalhaes.com.br\/index.php\/wp-json\/wp\/v2\/users\/1"}],"replies":[{"embeddable":true,"href":"https:\/\/blogdoedvaldomagalhaes.com.br\/index.php\/wp-json\/wp\/v2\/comments?post=65140"}],"version-history":[{"count":1,"href":"https:\/\/blogdoedvaldomagalhaes.com.br\/index.php\/wp-json\/wp\/v2\/posts\/65140\/revisions"}],"predecessor-version":[{"id":65142,"href":"https:\/\/blogdoedvaldomagalhaes.com.br\/index.php\/wp-json\/wp\/v2\/posts\/65140\/revisions\/65142"}],"wp:featuredmedia":[{"embeddable":true,"href":"https:\/\/blogdoedvaldomagalhaes.com.br\/index.php\/wp-json\/wp\/v2\/media\/65141"}],"wp:attachment":[{"href":"https:\/\/blogdoedvaldomagalhaes.com.br\/index.php\/wp-json\/wp\/v2\/media?parent=65140"}],"wp:term":[{"taxonomy":"category","embeddable":true,"href":"https:\/\/blogdoedvaldomagalhaes.com.br\/index.php\/wp-json\/wp\/v2\/categories?post=65140"},{"taxonomy":"post_tag","embeddable":true,"href":"https:\/\/blogdoedvaldomagalhaes.com.br\/index.php\/wp-json\/wp\/v2\/tags?post=65140"}],"curies":[{"name":"wp","href":"https:\/\/api.w.org\/{rel}","templated":true}]}}