{"id":6512,"date":"2017-03-16T00:33:00","date_gmt":"2017-03-16T03:33:00","guid":{"rendered":"http:\/\/blogdoedvaldomagalhaes.com.br\/index.php\/2017\/03\/16\/paulo-queiroz-exonerado-do-cargo-de\/"},"modified":"2019-02-09T01:20:19","modified_gmt":"2019-02-09T03:20:19","slug":"paulo-queiroz-exonerado-do-cargo-de","status":"publish","type":"post","link":"https:\/\/blogdoedvaldomagalhaes.com.br\/index.php\/2017\/03\/16\/paulo-queiroz-exonerado-do-cargo-de\/","title":{"rendered":"Paulo Queiroz exonerado do cargo de diretor-presidente da Ceaca"},"content":{"rendered":"<div class=\"separator\" style=\"clear: both; text-align: center;\">\n<a href=\"https:\/\/3.bp.blogspot.com\/-b5DmoEK8p_g\/WMnb-7eoNsI\/AAAAAAAARp8\/MZTyLHmYbLwx4s2Nd0YkqCKKTe-pXDrQACLcB\/s1600\/paulo.jpg\" imageanchor=\"1\" style=\"margin-left: 1em; margin-right: 1em;\"><img loading=\"lazy\" decoding=\"async\" border=\"0\" height=\"225\" src=\"http:\/\/blogdoedvaldomagalhaes.com.br\/wp-content\/uploads\/2017\/03\/paulo.jpg\" width=\"400\" \/><\/a><\/div>\n<div class=\"separator\" style=\"clear: both; text-align: center;\">\n<\/div>\n<div class=\"separator\" style=\"clear: both; text-align: justify;\">\nPaulo Queiroz, que era remanescente do governo Jos\u00e9 Queiroz (PDT), foi exonerado nessa ter\u00e7a-feira (14), do cargo de diretor-presidente da Central de Abastecimento de Caruaru (Ceaca).&nbsp;<\/div>\n<div class=\"separator\" style=\"clear: both; text-align: justify;\">\n<\/div>\n<div class=\"separator\" style=\"clear: both; text-align: justify;\">\nPaulo estava substituindo Marco Cas\u00e9, e foi designado para exercer o cargo de Diretor Presidente da&nbsp;Central de Abastecimento de Caruaru &#8211; CEACA &nbsp;em&nbsp;02 de janeiro \u00faltimo.<\/div>\n<div class=\"separator\" style=\"clear: both; text-align: justify;\">\n<\/div>\n<div class=\"separator\" style=\"clear: both; text-align: justify;\">\nNovas nomea\u00e7\u00f5es da prefeita Raquel Lyra (PSDB) est\u00e3o sendo aguardadas, entre elas da Ceaca. Paulo Queiroz continua trabalhando na Ceaca, e aguarda nova fun\u00e7\u00e3o.<\/div>\n<div class=\"separator\" style=\"clear: both; text-align: center;\">\n<a href=\"http:\/\/blogdoedvaldomagalhaes.com.br\/wp-content\/uploads\/2017\/03\/9-Liberdade-13.jpg\" imageanchor=\"1\" style=\"clear: left; float: left; margin-bottom: 1em; margin-right: 1em;\"><img decoding=\"async\" border=\"0\" src=\"http:\/\/blogdoedvaldomagalhaes.com.br\/wp-content\/uploads\/2017\/03\/9-Liberdade-13.jpg\" \/><\/a><\/div>\n<div style=\"text-align: justify;\">\n<\/div>\n","protected":false},"excerpt":{"rendered":"<p>Paulo Queiroz, que era remanescente do governo Jos\u00e9 Queiroz (PDT), foi exonerado nessa ter\u00e7a-feira (14), do cargo de diretor-presidente da&hellip;<\/p>\n","protected":false},"author":1,"featured_media":0,"comment_status":"open","ping_status":"open","sticky":false,"template":"","format":"standard","meta":{"footnotes":""},"categories":[1],"tags":[992,8806,8807,6,8808,3634],"class_list":["post-6512","post","type-post","status-publish","format-standard","hentry","category-sem-categoria","tag-blog-do-edvaldo-do-magalhaes","tag-central-de-abastecimento-de-caruaru","tag-marcocase","tag-noticias","tag-paulo-queiroz-exonerado-do-cargo-de-diretor-presidente-da-ceaca","tag-pdt"],"_links":{"self":[{"href":"https:\/\/blogdoedvaldomagalhaes.com.br\/index.php\/wp-json\/wp\/v2\/posts\/6512","targetHints":{"allow":["GET"]}}],"collection":[{"href":"https:\/\/blogdoedvaldomagalhaes.com.br\/index.php\/wp-json\/wp\/v2\/posts"}],"about":[{"href":"https:\/\/blogdoedvaldomagalhaes.com.br\/index.php\/wp-json\/wp\/v2\/types\/post"}],"author":[{"embeddable":true,"href":"https:\/\/blogdoedvaldomagalhaes.com.br\/index.php\/wp-json\/wp\/v2\/users\/1"}],"replies":[{"embeddable":true,"href":"https:\/\/blogdoedvaldomagalhaes.com.br\/index.php\/wp-json\/wp\/v2\/comments?post=6512"}],"version-history":[{"count":1,"href":"https:\/\/blogdoedvaldomagalhaes.com.br\/index.php\/wp-json\/wp\/v2\/posts\/6512\/revisions"}],"predecessor-version":[{"id":17810,"href":"https:\/\/blogdoedvaldomagalhaes.com.br\/index.php\/wp-json\/wp\/v2\/posts\/6512\/revisions\/17810"}],"wp:attachment":[{"href":"https:\/\/blogdoedvaldomagalhaes.com.br\/index.php\/wp-json\/wp\/v2\/media?parent=6512"}],"wp:term":[{"taxonomy":"category","embeddable":true,"href":"https:\/\/blogdoedvaldomagalhaes.com.br\/index.php\/wp-json\/wp\/v2\/categories?post=6512"},{"taxonomy":"post_tag","embeddable":true,"href":"https:\/\/blogdoedvaldomagalhaes.com.br\/index.php\/wp-json\/wp\/v2\/tags?post=6512"}],"curies":[{"name":"wp","href":"https:\/\/api.w.org\/{rel}","templated":true}]}}