{"id":65057,"date":"2020-12-22T22:03:01","date_gmt":"2020-12-23T01:03:01","guid":{"rendered":"https:\/\/blogdoedvaldomagalhaes.com.br\/?p=65057"},"modified":"2020-12-22T22:08:03","modified_gmt":"2020-12-23T01:08:03","slug":"secretario-de-saude-pe-pede-para-todos-evitarem-aglomeracoes-nas-festas-de-fim-de-ano","status":"publish","type":"post","link":"https:\/\/blogdoedvaldomagalhaes.com.br\/index.php\/2020\/12\/22\/secretario-de-saude-pe-pede-para-todos-evitarem-aglomeracoes-nas-festas-de-fim-de-ano\/","title":{"rendered":"Secret\u00e1rio de Sa\u00fade-PE pede para todos evitarem aglomera\u00e7\u00f5es nas festas de fim de ano"},"content":{"rendered":"<p style=\"text-align: justify;\">Com a proximidade das festividades de Natal e Ano Novo, que costumam reunir familiares e amigos, mesmo com a proibi\u00e7\u00e3o de shows p\u00fablicos e privados, o secret\u00e1rio de Sa\u00fade voltou a refor\u00e7ar a import\u00e2ncia dos cuidados para evitar a transmiss\u00e3o da Covid-19. \u201cO Natal sempre foi \u00e9poca de confraterniza\u00e7\u00f5es e de efusivos encontros, mas neste ano precisa ser diferente. A orienta\u00e7\u00e3o \u00e9 que as comemora\u00e7\u00f5es n\u00e3o re\u00fanam mais do que dez pessoas e fiquem restritas ao seu n\u00facleo familiar mais pr\u00f3ximo. Tamb\u00e9m \u00e9 necess\u00e1rio um cuidado especial com idosos e com as pessoas de grupos de risco. Os protocolos de preven\u00e7\u00e3o, como o uso correto de m\u00e1scaras, lavagem das m\u00e3os e distanciamento f\u00edsico, n\u00e3o s\u00f3 devem ser mantidos, como tamb\u00e9m refor\u00e7ados. Sei que n\u00e3o cabe ao Governo intervir em decis\u00f5es de \u00e2mbito familiar, mas se trata, agora, de uma quest\u00e3o de prote\u00e7\u00e3o \u00e0 vida\u201d, alertou.<\/p>\n<p style=\"text-align: justify;\">No encerramento, Andr\u00e9 Longo pediu aos pernambucanos que a mensagem de Natal deste ano tenha um novo sentido. \u201cEspero que cada um de n\u00f3s possa transformar o Natal em um momento de paz, de cuidado e, principalmente, de esperan\u00e7a em um futuro melhor. O maior bem que podemos oferecer hoje \u00e0s pessoas que amamos \u00e9 a vida, e as pessoas que amamos s\u00f3 estar\u00e3o seguras, neste momento, se todos se tornarem agentes de prote\u00e7\u00e3o. O presente mais importante que podemos oferecer este ano \u00e9 o cuidado. O Natal \u00e9 um s\u00edmbolo de vida e a passagem de ano \u00e9 um s\u00edmbolo de renova\u00e7\u00e3o. Vamos nos proteger para fazer acontecer este tempo melhor\u201d, concluiu.<\/p>\n","protected":false},"excerpt":{"rendered":"<p>Com a proximidade das festividades de Natal e Ano Novo, que costumam reunir familiares e amigos, mesmo com a proibi\u00e7\u00e3o&hellip;<\/p>\n","protected":false},"author":1,"featured_media":65058,"comment_status":"open","ping_status":"open","sticky":false,"template":"","format":"standard","meta":{"footnotes":""},"categories":[14120],"tags":[2,19418,1950,19670,20445],"class_list":["post-65057","post","type-post","status-publish","format-standard","has-post-thumbnail","hentry","category-noticias","tag-blog-do-edvaldo-magalhaes","tag-blog-mais-acessado-de-caruaru-e-regiao","tag-noticias-de-caruaru","tag-novo-coronavirus","tag-secretario-de-saude-pe-pede-para-todos-evitarem-aglomeracoes-nas-festas-de-fim-de-ano"],"_links":{"self":[{"href":"https:\/\/blogdoedvaldomagalhaes.com.br\/index.php\/wp-json\/wp\/v2\/posts\/65057","targetHints":{"allow":["GET"]}}],"collection":[{"href":"https:\/\/blogdoedvaldomagalhaes.com.br\/index.php\/wp-json\/wp\/v2\/posts"}],"about":[{"href":"https:\/\/blogdoedvaldomagalhaes.com.br\/index.php\/wp-json\/wp\/v2\/types\/post"}],"author":[{"embeddable":true,"href":"https:\/\/blogdoedvaldomagalhaes.com.br\/index.php\/wp-json\/wp\/v2\/users\/1"}],"replies":[{"embeddable":true,"href":"https:\/\/blogdoedvaldomagalhaes.com.br\/index.php\/wp-json\/wp\/v2\/comments?post=65057"}],"version-history":[{"count":2,"href":"https:\/\/blogdoedvaldomagalhaes.com.br\/index.php\/wp-json\/wp\/v2\/posts\/65057\/revisions"}],"predecessor-version":[{"id":65060,"href":"https:\/\/blogdoedvaldomagalhaes.com.br\/index.php\/wp-json\/wp\/v2\/posts\/65057\/revisions\/65060"}],"wp:featuredmedia":[{"embeddable":true,"href":"https:\/\/blogdoedvaldomagalhaes.com.br\/index.php\/wp-json\/wp\/v2\/media\/65058"}],"wp:attachment":[{"href":"https:\/\/blogdoedvaldomagalhaes.com.br\/index.php\/wp-json\/wp\/v2\/media?parent=65057"}],"wp:term":[{"taxonomy":"category","embeddable":true,"href":"https:\/\/blogdoedvaldomagalhaes.com.br\/index.php\/wp-json\/wp\/v2\/categories?post=65057"},{"taxonomy":"post_tag","embeddable":true,"href":"https:\/\/blogdoedvaldomagalhaes.com.br\/index.php\/wp-json\/wp\/v2\/tags?post=65057"}],"curies":[{"name":"wp","href":"https:\/\/api.w.org\/{rel}","templated":true}]}}