{"id":65053,"date":"2020-12-22T21:45:20","date_gmt":"2020-12-23T00:45:20","guid":{"rendered":"https:\/\/blogdoedvaldomagalhaes.com.br\/?p=65053"},"modified":"2020-12-22T21:53:35","modified_gmt":"2020-12-23T00:53:35","slug":"pernambuco-registra-1-946-novos-casos-de-covid-19-e-16-novas-mortes","status":"publish","type":"post","link":"https:\/\/blogdoedvaldomagalhaes.com.br\/index.php\/2020\/12\/22\/pernambuco-registra-1-946-novos-casos-de-covid-19-e-16-novas-mortes\/","title":{"rendered":"Pernambuco registra 1.946 novos casos de Covid-19 e 16 novas mortes"},"content":{"rendered":"<p style=\"text-align: justify;\">A Secretaria Estadual de Sa\u00fade (SES-PE) registrou, nesta ter\u00e7a-feira (22\/12), 1.946 casos da Covid-19. Entre os confirmados hoje, 50 (25%) s\u00e3o casos de S\u00edndrome Respirat\u00f3ria Aguda Grave (SRAG) e 1.896 (97,5%) s\u00e3o leves. Agora, Pernambuco totaliza 210.081 casos confirmados da doen\u00e7a, sendo 29.019 graves e 181.062 leves, que est\u00e3o distribu\u00eddos por todos os 184 munic\u00edpios pernambucanos, al\u00e9m do arquip\u00e9lago de Fernando de Noronha.<\/p>\n<p style=\"text-align: justify;\">Al\u00e9m disso, o boletim registra um total de 180.577 pacientes recuperados da doen\u00e7a. Destes, 18.245 eram pacientes graves, que necessitaram de internamento hospitalar, e 162.332 eram casos leves.<\/p>\n<p style=\"text-align: justify;\">Tamb\u00e9m foram confirmados laboratorialmente 16 novos \u00f3bitos (12 masculinos e 4 femininos), registrados entre os dias 28\/11 e 21\/12. As novas mortes s\u00e3o de pessoas residentes dos munic\u00edpios de Alagoinha (1), Arcoverde (1), Garanhuns (1), Goiana (1), Igarassu (1), Jaboat\u00e3o dos Guararapes (2), Limoeiro (1), Olinda (2), Recife (4), Sanhar\u00f3 (1) e Serra Talhada (1). Com isso, o Estado totaliza 9.459 mortes pela doen\u00e7a.<\/p>\n<p style=\"text-align: justify;\">Os pacientes tinham idades entre 30 e 90 anos. As faixas et\u00e1rias s\u00e3o: 30 a 39 (4), 40 a 49 (1), 50 a 59 (1), 60 a 69 (1), 70 a 79 (4) e 80 ou mais (5). Do total, 13 tinham doen\u00e7as pr\u00e9-existentes: doen\u00e7a cardiovascular (5), obesidade (4), diabetes (3), hipertens\u00e3o (3), doen\u00e7a respirat\u00f3ria (2), doen\u00e7a renal (2), c\u00e2ncer (1), doen\u00e7a de Alzheimer (1), doen\u00e7a hep\u00e1tica (1) e imunossupress\u00e3o (1) &#8211; um paciente pode ter mais de uma comorbidade. Os demais est\u00e3o em investiga\u00e7\u00e3o.<\/p>\n<p style=\"text-align: justify;\">Com rela\u00e7\u00e3o \u00e0 testagem dos profissionais de sa\u00fade com sintomas de gripe, em Pernambuco, at\u00e9 agora, 23.926 casos foram confirmados e 43.008 descartados. As testagens entre os trabalhadores do setor abrangem os profissionais de todas as unidades de sa\u00fade, sejam da rede p\u00fablica (estadual e municipal) ou privada. O Governo de Pernambuco foi o primeiro do pa\u00eds a criar um protocolo para testar e afastar os profissionais da \u00e1rea da sa\u00fade com sintomas gripais.<\/p>\n","protected":false},"excerpt":{"rendered":"<p>A Secretaria Estadual de Sa\u00fade (SES-PE) registrou, nesta ter\u00e7a-feira (22\/12), 1.946 casos da Covid-19. Entre os confirmados hoje, 50 (25%)&hellip;<\/p>\n","protected":false},"author":1,"featured_media":65054,"comment_status":"open","ping_status":"open","sticky":false,"template":"","format":"standard","meta":{"footnotes":""},"categories":[14120],"tags":[2,19418,19670,20442],"class_list":["post-65053","post","type-post","status-publish","format-standard","has-post-thumbnail","hentry","category-noticias","tag-blog-do-edvaldo-magalhaes","tag-blog-mais-acessado-de-caruaru-e-regiao","tag-novo-coronavirus","tag-pernambuco-registra-1-946-novos-casos-de-covid-19-e-16-novas-mortes"],"_links":{"self":[{"href":"https:\/\/blogdoedvaldomagalhaes.com.br\/index.php\/wp-json\/wp\/v2\/posts\/65053","targetHints":{"allow":["GET"]}}],"collection":[{"href":"https:\/\/blogdoedvaldomagalhaes.com.br\/index.php\/wp-json\/wp\/v2\/posts"}],"about":[{"href":"https:\/\/blogdoedvaldomagalhaes.com.br\/index.php\/wp-json\/wp\/v2\/types\/post"}],"author":[{"embeddable":true,"href":"https:\/\/blogdoedvaldomagalhaes.com.br\/index.php\/wp-json\/wp\/v2\/users\/1"}],"replies":[{"embeddable":true,"href":"https:\/\/blogdoedvaldomagalhaes.com.br\/index.php\/wp-json\/wp\/v2\/comments?post=65053"}],"version-history":[{"count":2,"href":"https:\/\/blogdoedvaldomagalhaes.com.br\/index.php\/wp-json\/wp\/v2\/posts\/65053\/revisions"}],"predecessor-version":[{"id":65056,"href":"https:\/\/blogdoedvaldomagalhaes.com.br\/index.php\/wp-json\/wp\/v2\/posts\/65053\/revisions\/65056"}],"wp:featuredmedia":[{"embeddable":true,"href":"https:\/\/blogdoedvaldomagalhaes.com.br\/index.php\/wp-json\/wp\/v2\/media\/65054"}],"wp:attachment":[{"href":"https:\/\/blogdoedvaldomagalhaes.com.br\/index.php\/wp-json\/wp\/v2\/media?parent=65053"}],"wp:term":[{"taxonomy":"category","embeddable":true,"href":"https:\/\/blogdoedvaldomagalhaes.com.br\/index.php\/wp-json\/wp\/v2\/categories?post=65053"},{"taxonomy":"post_tag","embeddable":true,"href":"https:\/\/blogdoedvaldomagalhaes.com.br\/index.php\/wp-json\/wp\/v2\/tags?post=65053"}],"curies":[{"name":"wp","href":"https:\/\/api.w.org\/{rel}","templated":true}]}}