{"id":65049,"date":"2020-12-22T21:28:44","date_gmt":"2020-12-23T00:28:44","guid":{"rendered":"https:\/\/blogdoedvaldomagalhaes.com.br\/?p=65049"},"modified":"2020-12-22T21:28:46","modified_gmt":"2020-12-23T00:28:46","slug":"caruaru-registra-65-novos-casos-de-covid-19-e-82-pacientes-recuperados","status":"publish","type":"post","link":"https:\/\/blogdoedvaldomagalhaes.com.br\/index.php\/2020\/12\/22\/caruaru-registra-65-novos-casos-de-covid-19-e-82-pacientes-recuperados\/","title":{"rendered":"Caruaru registra 65 novos casos de Covid-19 e 82 pacientes recuperados"},"content":{"rendered":"<p style=\"text-align: justify;\">Subiu para 12.718 o n\u00famero de casos confirmados do novo coronav\u00edrus em Caruaru . O boletim divulgado nesta ter\u00e7a-feira (22) pela Secretaria Municipal de Sa\u00fade traz 65 novas confirma\u00e7\u00f5es em 24 horas. N\u00e3o houve registro de \u00f3bito no per\u00edodo.<\/p>\n<p style=\"text-align: justify;\">A covid-19 j\u00e1 matou no munic\u00edpio 397 pessoas. Outros 4 \u00f3bitos e 559 casos est\u00e3o em investiga\u00e7\u00e3o. Segundo a Secretaria de Sa\u00fade, 12.205 pacientes se recuperaram da doen\u00e7a.<\/p>\n\n\n<figure class=\"wp-block-image size-large\"><img loading=\"lazy\" decoding=\"async\" width=\"1024\" height=\"1024\" src=\"https:\/\/blogdoedvaldomagalhaes.com.br\/wp-content\/uploads\/2020\/12\/IMG-20201222-WA0228-1024x1024.jpg\" alt=\"\" class=\"wp-image-65050\" srcset=\"https:\/\/blogdoedvaldomagalhaes.com.br\/wp-content\/uploads\/2020\/12\/IMG-20201222-WA0228-1024x1024.jpg 1024w, https:\/\/blogdoedvaldomagalhaes.com.br\/wp-content\/uploads\/2020\/12\/IMG-20201222-WA0228-300x300.jpg 300w, https:\/\/blogdoedvaldomagalhaes.com.br\/wp-content\/uploads\/2020\/12\/IMG-20201222-WA0228-150x150.jpg 150w, https:\/\/blogdoedvaldomagalhaes.com.br\/wp-content\/uploads\/2020\/12\/IMG-20201222-WA0228-768x768.jpg 768w, https:\/\/blogdoedvaldomagalhaes.com.br\/wp-content\/uploads\/2020\/12\/IMG-20201222-WA0228.jpg 1280w\" sizes=\"auto, (max-width: 1024px) 100vw, 1024px\" \/><\/figure>\n","protected":false},"excerpt":{"rendered":"<p>Subiu para 12.718 o n\u00famero de casos confirmados do novo coronav\u00edrus em Caruaru . O boletim divulgado nesta ter\u00e7a-feira (22)&hellip;<\/p>\n","protected":false},"author":1,"featured_media":65051,"comment_status":"open","ping_status":"open","sticky":false,"template":"","format":"standard","meta":{"footnotes":""},"categories":[14120],"tags":[2,19418,20441,19670],"class_list":["post-65049","post","type-post","status-publish","format-standard","has-post-thumbnail","hentry","category-noticias","tag-blog-do-edvaldo-magalhaes","tag-blog-mais-acessado-de-caruaru-e-regiao","tag-caruaru-registra-65-novos-casos-de-covid-19-e-82-pacientes-recuperados","tag-novo-coronavirus"],"_links":{"self":[{"href":"https:\/\/blogdoedvaldomagalhaes.com.br\/index.php\/wp-json\/wp\/v2\/posts\/65049","targetHints":{"allow":["GET"]}}],"collection":[{"href":"https:\/\/blogdoedvaldomagalhaes.com.br\/index.php\/wp-json\/wp\/v2\/posts"}],"about":[{"href":"https:\/\/blogdoedvaldomagalhaes.com.br\/index.php\/wp-json\/wp\/v2\/types\/post"}],"author":[{"embeddable":true,"href":"https:\/\/blogdoedvaldomagalhaes.com.br\/index.php\/wp-json\/wp\/v2\/users\/1"}],"replies":[{"embeddable":true,"href":"https:\/\/blogdoedvaldomagalhaes.com.br\/index.php\/wp-json\/wp\/v2\/comments?post=65049"}],"version-history":[{"count":1,"href":"https:\/\/blogdoedvaldomagalhaes.com.br\/index.php\/wp-json\/wp\/v2\/posts\/65049\/revisions"}],"predecessor-version":[{"id":65052,"href":"https:\/\/blogdoedvaldomagalhaes.com.br\/index.php\/wp-json\/wp\/v2\/posts\/65049\/revisions\/65052"}],"wp:featuredmedia":[{"embeddable":true,"href":"https:\/\/blogdoedvaldomagalhaes.com.br\/index.php\/wp-json\/wp\/v2\/media\/65051"}],"wp:attachment":[{"href":"https:\/\/blogdoedvaldomagalhaes.com.br\/index.php\/wp-json\/wp\/v2\/media?parent=65049"}],"wp:term":[{"taxonomy":"category","embeddable":true,"href":"https:\/\/blogdoedvaldomagalhaes.com.br\/index.php\/wp-json\/wp\/v2\/categories?post=65049"},{"taxonomy":"post_tag","embeddable":true,"href":"https:\/\/blogdoedvaldomagalhaes.com.br\/index.php\/wp-json\/wp\/v2\/tags?post=65049"}],"curies":[{"name":"wp","href":"https:\/\/api.w.org\/{rel}","templated":true}]}}