{"id":65041,"date":"2020-12-22T14:32:43","date_gmt":"2020-12-22T17:32:43","guid":{"rendered":"https:\/\/blogdoedvaldomagalhaes.com.br\/?p=65041"},"modified":"2020-12-22T15:01:07","modified_gmt":"2020-12-22T18:01:07","slug":"prefeito-eleito-de-agrestina-apresenta-secretariado-e-aposta-em-novo-modelo-de-gestao-publica","status":"publish","type":"post","link":"https:\/\/blogdoedvaldomagalhaes.com.br\/index.php\/2020\/12\/22\/prefeito-eleito-de-agrestina-apresenta-secretariado-e-aposta-em-novo-modelo-de-gestao-publica\/","title":{"rendered":"Prefeito eleito de Agrestina apresenta secretariado e aposta em novo modelo de gest\u00e3o p\u00fablica"},"content":{"rendered":"<p style=\"text-align: justify;\"><span style=\"font-size: inherit;\">O prefeito eleito de Agrestina, Josu\u00e9 Mendes (PSB), juntamente com o vice-prefeito eleito, Matheus Nunes (Republicanos), apresentaram oficialmente na tarde de nessa segunda-feira (21), em reuni\u00e3o no Park Hotel Caruaru, o novo secretariado municipal escolhido para a futura gest\u00e3o. O Instituto de Gest\u00e3o P\u00fablica (IGP\u00fablica), escolhido por Mendes, realizou a entrega do relat\u00f3rio de transi\u00e7\u00e3o de governo e conduziu uma palestra para a nova equipe intitulada \u201cUm novo modelo de Gest\u00e3o P\u00fablica\u201d, que ser\u00e1 a aposta do novo governo.<\/span><\/p>\n<p style=\"text-align: justify;\">Ao apresentar a nova equipe de secret\u00e1rios municipais, Josu\u00e9 Mendes disse que \u201c_todos foram escolhidos com muito compromisso e responsabilidade, pensando no melhor para a cidade_\u201d. O n\u00famero de secretarias se manter\u00e1. Na ocasi\u00e3o, os secret\u00e1rios se apresentaram, falaram das perspectivas de futuro e falaram da empolga\u00e7\u00e3o para a nova gest\u00e3o.<\/p>\n<p style=\"text-align: justify;\">O Instituto de Gest\u00e3o P\u00fablica, nas pessoas da mestra, Iv\u00e2nia Porto, e do doutor, Vannucio Pimentel, apresentou a proposta do novo modelo de gest\u00e3o que ser\u00e1 seguido pelo governo de Mendes. De acordo com a IGP\u00fablica, especialista em estrat\u00e9gias eficientes de campanhas e governos, o novo modelo de gest\u00e3o pensado para Agrestina foi baseado nas necessidades da cidade. \u201c_Tra\u00e7amos estrat\u00e9gias eficientes para os pr\u00f3ximos anos, principalmente diante desta pandemia, que demanda um novo modelo de gest\u00e3o_\u201d, disse o doutor, Vannucio Pimentel.<\/p>\n<p style=\"text-align: justify;\">A nova gest\u00e3o ser\u00e1 fundamentada em tr\u00eas pilares: integra\u00e7\u00e3o; monitoramento; e conex\u00e3o. Josu\u00e9 Mendes se mostrou otimista, mesmo diante das dificuldades que o futuro reserva aos novos gestores. \u201c_Come\u00e7a agora nosso compromisso com Agrestina_\u201d, afirmou.<\/p>\n<p style=\"text-align: justify;\">Conhe\u00e7a na \u00edntegra os nomes e pastas do novos secret\u00e1rios municipais:<\/p>\n<p style=\"text-align: justify;\">SECRET\u00c1RIA DE ADMINISTRA\u00c7\u00c3O<br \/>Luziene Gomes Ferraz Barbalho Carneiro<\/p>\n<p style=\"text-align: justify;\">SECRET\u00c1RIO DE FINAN\u00c7AS<br \/>Diego Yves Bezerra de Azevedo<\/p>\n<p style=\"text-align: justify;\">SECRET\u00c1RIA DE DESENVOLVIMENTO SOCIAL E JUVENTUDE<br \/>Gisisllayne Fran\u00e7a da Silva<\/p>\n<p style=\"text-align: justify;\">SECRET\u00c1RIO DE GOVERNO<br \/>Thiago Lucena Nunes<\/p>\n<p style=\"text-align: justify;\">SECRET\u00c1RIA DE POL\u00cdTICAS PARA AS MULHERES<br \/>Maria do Ros\u00e1rio de F\u00e1tima<\/p>\n<p style=\"text-align: justify;\">SECRET\u00c1RIO DE DESENVOLVIMENTO ECON\u00d4MICO, CI\u00caNCIA, TECNOLOGIA E MEIO AMBIENTE<br \/>Wlademir Felix Pereira<\/p>\n<p style=\"text-align: justify;\">SECRET\u00c1RIO DE INFRAESTRUTURA E URBANISMO<br \/>Sonaldo Serafim da Silva<\/p>\n<p style=\"text-align: justify;\">SECRET\u00c1RIO DE CULTURA E TURISMO<br \/>Josenildo Jos\u00e9 dos Santos<\/p>\n<p style=\"text-align: justify;\">SECRET\u00c1RIA DE EDUCA\u00c7\u00c3O E ESPORTES<br \/>Maria de Fatima Lira Lima<\/p>\n<p style=\"text-align: justify;\">SECRET\u00c1RIO DE AGRICULTURA E ABASTECIMENTO<br \/>Adilson Tavares das Neves<\/p>\n<p style=\"text-align: justify;\">SECRET\u00c1RIA DE SA\u00daDE<br \/>Edmaura da Silva Ramos Santos<\/p>\n<p style=\"text-align: justify;\">PROCURADOR MUNICIPAL<br \/>Golbery Lopes Lins<\/p>\n<p style=\"text-align: justify;\">Fotos: J\u00f4nata Daniel<\/p>\n\n\n<figure class=\"wp-block-image size-large\"><img loading=\"lazy\" decoding=\"async\" width=\"1024\" height=\"682\" src=\"https:\/\/blogdoedvaldomagalhaes.com.br\/wp-content\/uploads\/2020\/12\/IMG-20201222-WA0127-1024x682.jpg\" alt=\"\" class=\"wp-image-65046\" srcset=\"https:\/\/blogdoedvaldomagalhaes.com.br\/wp-content\/uploads\/2020\/12\/IMG-20201222-WA0127-1024x682.jpg 1024w, https:\/\/blogdoedvaldomagalhaes.com.br\/wp-content\/uploads\/2020\/12\/IMG-20201222-WA0127-300x200.jpg 300w, https:\/\/blogdoedvaldomagalhaes.com.br\/wp-content\/uploads\/2020\/12\/IMG-20201222-WA0127-768x512.jpg 768w, https:\/\/blogdoedvaldomagalhaes.com.br\/wp-content\/uploads\/2020\/12\/IMG-20201222-WA0127.jpg 1280w\" sizes=\"auto, (max-width: 1024px) 100vw, 1024px\" \/><\/figure>\n\n\n\n<figure class=\"wp-block-image size-large\"><img loading=\"lazy\" decoding=\"async\" width=\"1024\" height=\"682\" src=\"https:\/\/blogdoedvaldomagalhaes.com.br\/wp-content\/uploads\/2020\/12\/IMG-20201222-WA0128-1024x682.jpg\" alt=\"\" class=\"wp-image-65047\" srcset=\"https:\/\/blogdoedvaldomagalhaes.com.br\/wp-content\/uploads\/2020\/12\/IMG-20201222-WA0128-1024x682.jpg 1024w, https:\/\/blogdoedvaldomagalhaes.com.br\/wp-content\/uploads\/2020\/12\/IMG-20201222-WA0128-300x200.jpg 300w, https:\/\/blogdoedvaldomagalhaes.com.br\/wp-content\/uploads\/2020\/12\/IMG-20201222-WA0128-768x512.jpg 768w, https:\/\/blogdoedvaldomagalhaes.com.br\/wp-content\/uploads\/2020\/12\/IMG-20201222-WA0128.jpg 1280w\" sizes=\"auto, (max-width: 1024px) 100vw, 1024px\" \/><figcaption>Fotos: J\u00f4nata Daniel<\/figcaption><\/figure>\n\n\n","protected":false},"excerpt":{"rendered":"<p>O prefeito eleito de Agrestina, Josu\u00e9 Mendes (PSB), juntamente com o vice-prefeito eleito, Matheus Nunes (Republicanos), apresentaram oficialmente na tarde&hellip;<\/p>\n","protected":false},"author":1,"featured_media":65042,"comment_status":"open","ping_status":"open","sticky":false,"template":"","format":"standard","meta":{"footnotes":""},"categories":[14122],"tags":[2,19418,20440,20,20439],"class_list":["post-65041","post","type-post","status-publish","format-standard","has-post-thumbnail","hentry","category-politica","tag-blog-do-edvaldo-magalhaes","tag-blog-mais-acessado-de-caruaru-e-regiao","tag-josue-mendes","tag-politica","tag-prefeito-eleito-de-agrestina-apresenta-secretariado-e-aposta-em-novo-modelo-de-gestao-publica"],"_links":{"self":[{"href":"https:\/\/blogdoedvaldomagalhaes.com.br\/index.php\/wp-json\/wp\/v2\/posts\/65041","targetHints":{"allow":["GET"]}}],"collection":[{"href":"https:\/\/blogdoedvaldomagalhaes.com.br\/index.php\/wp-json\/wp\/v2\/posts"}],"about":[{"href":"https:\/\/blogdoedvaldomagalhaes.com.br\/index.php\/wp-json\/wp\/v2\/types\/post"}],"author":[{"embeddable":true,"href":"https:\/\/blogdoedvaldomagalhaes.com.br\/index.php\/wp-json\/wp\/v2\/users\/1"}],"replies":[{"embeddable":true,"href":"https:\/\/blogdoedvaldomagalhaes.com.br\/index.php\/wp-json\/wp\/v2\/comments?post=65041"}],"version-history":[{"count":3,"href":"https:\/\/blogdoedvaldomagalhaes.com.br\/index.php\/wp-json\/wp\/v2\/posts\/65041\/revisions"}],"predecessor-version":[{"id":65048,"href":"https:\/\/blogdoedvaldomagalhaes.com.br\/index.php\/wp-json\/wp\/v2\/posts\/65041\/revisions\/65048"}],"wp:featuredmedia":[{"embeddable":true,"href":"https:\/\/blogdoedvaldomagalhaes.com.br\/index.php\/wp-json\/wp\/v2\/media\/65042"}],"wp:attachment":[{"href":"https:\/\/blogdoedvaldomagalhaes.com.br\/index.php\/wp-json\/wp\/v2\/media?parent=65041"}],"wp:term":[{"taxonomy":"category","embeddable":true,"href":"https:\/\/blogdoedvaldomagalhaes.com.br\/index.php\/wp-json\/wp\/v2\/categories?post=65041"},{"taxonomy":"post_tag","embeddable":true,"href":"https:\/\/blogdoedvaldomagalhaes.com.br\/index.php\/wp-json\/wp\/v2\/tags?post=65041"}],"curies":[{"name":"wp","href":"https:\/\/api.w.org\/{rel}","templated":true}]}}