{"id":65038,"date":"2020-12-22T14:12:52","date_gmt":"2020-12-22T17:12:52","guid":{"rendered":"https:\/\/blogdoedvaldomagalhaes.com.br\/?p=65038"},"modified":"2020-12-22T14:12:54","modified_gmt":"2020-12-22T17:12:54","slug":"feriado-de-natal-altera-feiras-livres-de-caruaru-confira","status":"publish","type":"post","link":"https:\/\/blogdoedvaldomagalhaes.com.br\/index.php\/2020\/12\/22\/feriado-de-natal-altera-feiras-livres-de-caruaru-confira\/","title":{"rendered":"Feriado de Natal altera feiras livres de Caruaru; Confira"},"content":{"rendered":"<p style=\"text-align: justify;\"><span style=\"font-size: inherit;\">A Secretaria de Servi\u00e7os P\u00fablicos de Caruaru infoma que, devido o feriado de Natal, as feiras de bairro do munic\u00edpio passar\u00e3o por alguns ajustes nas datas e hor\u00e1rios. A Feira do S\u00e3o Francisco ser\u00e1 antecipada para quinta-feira (24). Ja sexta-feira (25), o Parque 18 de Maio s\u00f3 estar\u00e1 funcionando o Mercado de Carne e Mercado de Farinha, at\u00e9 as 12h. As demais feiras que acontecem aos s\u00e1bados e domingos acontecer\u00e3o normalmente.<\/span><\/p>\n<p>Foto: Arquivo\/Blog do Edvaldo Magalh\u00e3es.<\/p>\n","protected":false},"excerpt":{"rendered":"<p>A Secretaria de Servi\u00e7os P\u00fablicos de Caruaru infoma que, devido o feriado de Natal, as feiras de bairro do munic\u00edpio&hellip;<\/p>\n","protected":false},"author":1,"featured_media":65039,"comment_status":"open","ping_status":"open","sticky":false,"template":"","format":"standard","meta":{"footnotes":""},"categories":[14120],"tags":[2,19418,20438,1950],"class_list":["post-65038","post","type-post","status-publish","format-standard","has-post-thumbnail","hentry","category-noticias","tag-blog-do-edvaldo-magalhaes","tag-blog-mais-acessado-de-caruaru-e-regiao","tag-feriado-de-natal-altera-feiras-livres-de-caruaru-confira","tag-noticias-de-caruaru"],"_links":{"self":[{"href":"https:\/\/blogdoedvaldomagalhaes.com.br\/index.php\/wp-json\/wp\/v2\/posts\/65038","targetHints":{"allow":["GET"]}}],"collection":[{"href":"https:\/\/blogdoedvaldomagalhaes.com.br\/index.php\/wp-json\/wp\/v2\/posts"}],"about":[{"href":"https:\/\/blogdoedvaldomagalhaes.com.br\/index.php\/wp-json\/wp\/v2\/types\/post"}],"author":[{"embeddable":true,"href":"https:\/\/blogdoedvaldomagalhaes.com.br\/index.php\/wp-json\/wp\/v2\/users\/1"}],"replies":[{"embeddable":true,"href":"https:\/\/blogdoedvaldomagalhaes.com.br\/index.php\/wp-json\/wp\/v2\/comments?post=65038"}],"version-history":[{"count":1,"href":"https:\/\/blogdoedvaldomagalhaes.com.br\/index.php\/wp-json\/wp\/v2\/posts\/65038\/revisions"}],"predecessor-version":[{"id":65040,"href":"https:\/\/blogdoedvaldomagalhaes.com.br\/index.php\/wp-json\/wp\/v2\/posts\/65038\/revisions\/65040"}],"wp:featuredmedia":[{"embeddable":true,"href":"https:\/\/blogdoedvaldomagalhaes.com.br\/index.php\/wp-json\/wp\/v2\/media\/65039"}],"wp:attachment":[{"href":"https:\/\/blogdoedvaldomagalhaes.com.br\/index.php\/wp-json\/wp\/v2\/media?parent=65038"}],"wp:term":[{"taxonomy":"category","embeddable":true,"href":"https:\/\/blogdoedvaldomagalhaes.com.br\/index.php\/wp-json\/wp\/v2\/categories?post=65038"},{"taxonomy":"post_tag","embeddable":true,"href":"https:\/\/blogdoedvaldomagalhaes.com.br\/index.php\/wp-json\/wp\/v2\/tags?post=65038"}],"curies":[{"name":"wp","href":"https:\/\/api.w.org\/{rel}","templated":true}]}}