{"id":65021,"date":"2020-12-22T10:10:38","date_gmt":"2020-12-22T13:10:38","guid":{"rendered":"https:\/\/blogdoedvaldomagalhaes.com.br\/?p=65021"},"modified":"2020-12-22T10:10:40","modified_gmt":"2020-12-22T13:10:40","slug":"policia-prende-prefeito-empresario-e-delegado-no-rio-de-janeiro","status":"publish","type":"post","link":"https:\/\/blogdoedvaldomagalhaes.com.br\/index.php\/2020\/12\/22\/policia-prende-prefeito-empresario-e-delegado-no-rio-de-janeiro\/","title":{"rendered":"Pol\u00edcia prende Prefeito, Empres\u00e1rio e Delegado no Rio de Janeiro"},"content":{"rendered":"\n<p> <\/p>\n\n\n<p style=\"text-align: justify;\"><span style=\"font-size: inherit;\">A Pol\u00edcia Civil e o Minist\u00e9rio P\u00fablico do Rio de Janeiro (MP-RJ) prenderam, na manh\u00e3 desta ter\u00e7a-feira (22), o Prefeito do Rio do Janeiro, Marcelo Crivella (Republicanos), o empres\u00e1rio Rafael Alves e o delegado Fernando Moraes.<\/span><\/p>\n<p style=\"text-align: justify;\">Tamb\u00e9m \u00e9 alvo da opera\u00e7\u00e3o o ex-senador Eduardo Lopes, mas que n\u00e3o foi encontrado em casa.<\/p>\n<p style=\"text-align: justify;\">A a\u00e7\u00e3o \u00e9 um desdobramento da Opera\u00e7\u00e3o Hades, que investiga um suposto &#8216;QG da Propina&#8217; na Prefeitura do Rio.<\/p>\n<p style=\"text-align: justify;\">Segundo as investiga\u00e7\u00f5es, empresas que tinham interesse em fechar contratos ou tinham dinheiro para receber do munic\u00edpio entregariam cheques a Rafael Alves, irm\u00e3o de Marcelo Alves \u2014 ent\u00e3o presidente da Riotur.<\/p>\n<p style=\"text-align: justify;\">Em troca, Rafael facilitaria a assinatura dos contratos e o pagamento das d\u00edvidas.<\/p>\n<p style=\"text-align: justify;\">Al\u00e9m da Regi\u00e3o Metropolitana do Rio, uma das buscas acontece no Porto do Frade, em Angra dos Reis, no Sul Fluminense, para apreender uma lancha de 77 p\u00e9s dele do empres\u00e1rio.<\/p>\n<p style=\"text-align: justify;\">Eduardo Lopes foi senador do Rio pelo Republicanos, ao herdar o cargo de Crivella, e foi secret\u00e1rio de Pecu\u00e1ria, Pesca e Abastecimento do governador afastado Wilson Witzel.<\/p>\n<p style=\"text-align: justify;\">Durante a primeira fase da opera\u00e7\u00e3o, um v\u00eddeo mostra um delegado atendendo a suposta liga\u00e7\u00e3o do prefeito Crivella para o celular do empres\u00e1rio Rafael Alves. O relat\u00f3rio afirma que na tela do celular apareceu a identifica\u00e7\u00e3o da pessoa que estava ligando: \u201cPrefeito Crivella Novo 2\u201d.<\/p>\n<p style=\"text-align: justify;\">O delegado atendeu a chamada e identificou a voz do interlocutor como sendo do prefeito Marcelo Crivella, que disse: \u201cAl\u00f4, bom dia Rafael. Est\u00e1 tendo uma busca e apreens\u00e3o na Riotur? Voc\u00ea est\u00e1 sabendo?\u201d<\/p>\n<p style=\"text-align: justify;\">Do Rio Comprido Alerta.\u00a0<\/p>","protected":false},"excerpt":{"rendered":"<p>A Pol\u00edcia Civil e o Minist\u00e9rio P\u00fablico do Rio de Janeiro (MP-RJ) prenderam, na manh\u00e3 desta ter\u00e7a-feira (22), o Prefeito&hellip;<\/p>\n","protected":false},"author":1,"featured_media":65022,"comment_status":"open","ping_status":"open","sticky":false,"template":"","format":"standard","meta":{"footnotes":""},"categories":[14122],"tags":[2,19418,20436,9109,20435,20,20437],"class_list":["post-65021","post","type-post","status-publish","format-standard","has-post-thumbnail","hentry","category-politica","tag-blog-do-edvaldo-magalhaes","tag-blog-mais-acessado-de-caruaru-e-regiao","tag-empresario-e-delegado-no-rio-de-janeiro","tag-marcelo-crivella","tag-policia-prende-prefeito","tag-politica","tag-republicanos"],"_links":{"self":[{"href":"https:\/\/blogdoedvaldomagalhaes.com.br\/index.php\/wp-json\/wp\/v2\/posts\/65021","targetHints":{"allow":["GET"]}}],"collection":[{"href":"https:\/\/blogdoedvaldomagalhaes.com.br\/index.php\/wp-json\/wp\/v2\/posts"}],"about":[{"href":"https:\/\/blogdoedvaldomagalhaes.com.br\/index.php\/wp-json\/wp\/v2\/types\/post"}],"author":[{"embeddable":true,"href":"https:\/\/blogdoedvaldomagalhaes.com.br\/index.php\/wp-json\/wp\/v2\/users\/1"}],"replies":[{"embeddable":true,"href":"https:\/\/blogdoedvaldomagalhaes.com.br\/index.php\/wp-json\/wp\/v2\/comments?post=65021"}],"version-history":[{"count":1,"href":"https:\/\/blogdoedvaldomagalhaes.com.br\/index.php\/wp-json\/wp\/v2\/posts\/65021\/revisions"}],"predecessor-version":[{"id":65023,"href":"https:\/\/blogdoedvaldomagalhaes.com.br\/index.php\/wp-json\/wp\/v2\/posts\/65021\/revisions\/65023"}],"wp:featuredmedia":[{"embeddable":true,"href":"https:\/\/blogdoedvaldomagalhaes.com.br\/index.php\/wp-json\/wp\/v2\/media\/65022"}],"wp:attachment":[{"href":"https:\/\/blogdoedvaldomagalhaes.com.br\/index.php\/wp-json\/wp\/v2\/media?parent=65021"}],"wp:term":[{"taxonomy":"category","embeddable":true,"href":"https:\/\/blogdoedvaldomagalhaes.com.br\/index.php\/wp-json\/wp\/v2\/categories?post=65021"},{"taxonomy":"post_tag","embeddable":true,"href":"https:\/\/blogdoedvaldomagalhaes.com.br\/index.php\/wp-json\/wp\/v2\/tags?post=65021"}],"curies":[{"name":"wp","href":"https:\/\/api.w.org\/{rel}","templated":true}]}}