{"id":65016,"date":"2020-12-22T09:23:24","date_gmt":"2020-12-22T12:23:24","guid":{"rendered":"https:\/\/blogdoedvaldomagalhaes.com.br\/?p=65016"},"modified":"2020-12-22T11:53:10","modified_gmt":"2020-12-22T14:53:10","slug":"policia-realiza-operacao-contra-trafico-de-drogas-trafico-de-armas-e-lavagem-de-dinheiro-em-varias-cidades","status":"publish","type":"post","link":"https:\/\/blogdoedvaldomagalhaes.com.br\/index.php\/2020\/12\/22\/policia-realiza-operacao-contra-trafico-de-drogas-trafico-de-armas-e-lavagem-de-dinheiro-em-varias-cidades\/","title":{"rendered":"Pol\u00edcia realiza Opera\u00e7\u00e3o contra tr\u00e1fico de drogas, tr\u00e1fico de armas e lavagem de dinheiro em v\u00e1rias cidades"},"content":{"rendered":"<p style=\"text-align: justify;\">A Pol\u00edcia Civil de Pernambuco desencadeou na manh\u00e3 desta ter\u00e7a-feira (22) a \u201cOpera\u00e7\u00e3o Geografia do Crime\u201d, vinculada a Diretoria Integrada do Interior (DINTER 1), sob a presid\u00eancia do delegado \u00c1lvaro Grako, titular da 14\u00aa Delegacia Seccional de Pol\u00edcia, em Caruaru. A a\u00e7\u00e3o tamb\u00e9m acontece em outros estados.<\/p>\n<p style=\"text-align: justify;\">A opera\u00e7\u00e3o \u00e9 realizada em Jaboat\u00e3o dos Guararapes, Paulista, Recife, S\u00e3o Jos\u00e9 do Belmonte, Gameleira, Tamandar\u00e9, Moreno, Cambui-MG, Santa Luzia-MG, Belo Horizonte-MG, Boa Vista-RR, Porto Velho-RO, Nova Mamor\u00e9-RO, Pontes e Lacerda-MT e Macei\u00f3-AL.<\/p>\n<p style=\"text-align: justify;\">A investiga\u00e7\u00e3o foi iniciada em setembro de 2019, com o objetivo de identificar e desarticular integrantes de Organiza\u00e7\u00e3o Criminosa voltada \u00e0 pr\u00e1tica de tr\u00e1fico de drogas, tr\u00e1fico de armas e lavagem de dinheiro.<\/p>\n<p style=\"text-align: justify;\">Est\u00e3o sendo cumpridos 23 mandados de pris\u00e3o e 27 mandados de busca e apreens\u00e3o domiciliar, 17 sequestros de ve\u00edculos, 43 mandados de bloqueios de ativos financeiros no valor total de 514 milh\u00f5es de reais, todos expedidos pela Vara \u00danica da Comarca de Ferreiros, na Zona da Mata Norte.<\/p>\n\n\n<figure class=\"wp-block-image size-large\"><img loading=\"lazy\" decoding=\"async\" width=\"576\" height=\"1024\" src=\"https:\/\/blogdoedvaldomagalhaes.com.br\/wp-content\/uploads\/2020\/12\/IMG-20201222-WA0060.jpg\" alt=\"\" class=\"wp-image-65025\" srcset=\"https:\/\/blogdoedvaldomagalhaes.com.br\/wp-content\/uploads\/2020\/12\/IMG-20201222-WA0060.jpg 576w, https:\/\/blogdoedvaldomagalhaes.com.br\/wp-content\/uploads\/2020\/12\/IMG-20201222-WA0060-169x300.jpg 169w\" sizes=\"auto, (max-width: 576px) 100vw, 576px\" \/><\/figure>\n\n\n\n<figure class=\"wp-block-image size-large\"><img loading=\"lazy\" decoding=\"async\" width=\"768\" height=\"1024\" src=\"https:\/\/blogdoedvaldomagalhaes.com.br\/wp-content\/uploads\/2020\/12\/IMG-20201222-WA0063.jpg\" alt=\"\" class=\"wp-image-65027\" srcset=\"https:\/\/blogdoedvaldomagalhaes.com.br\/wp-content\/uploads\/2020\/12\/IMG-20201222-WA0063.jpg 768w, https:\/\/blogdoedvaldomagalhaes.com.br\/wp-content\/uploads\/2020\/12\/IMG-20201222-WA0063-225x300.jpg 225w\" sizes=\"auto, (max-width: 768px) 100vw, 768px\" \/><\/figure>\n\n\n\n<figure class=\"wp-block-image size-large\"><img loading=\"lazy\" decoding=\"async\" width=\"576\" height=\"1024\" src=\"https:\/\/blogdoedvaldomagalhaes.com.br\/wp-content\/uploads\/2020\/12\/IMG-20201222-WA0062.jpg\" alt=\"\" class=\"wp-image-65029\" srcset=\"https:\/\/blogdoedvaldomagalhaes.com.br\/wp-content\/uploads\/2020\/12\/IMG-20201222-WA0062.jpg 576w, https:\/\/blogdoedvaldomagalhaes.com.br\/wp-content\/uploads\/2020\/12\/IMG-20201222-WA0062-169x300.jpg 169w\" sizes=\"auto, (max-width: 576px) 100vw, 576px\" \/><\/figure>\n\n\n\n<figure class=\"wp-block-image size-large\"><img loading=\"lazy\" decoding=\"async\" width=\"1024\" height=\"461\" src=\"https:\/\/blogdoedvaldomagalhaes.com.br\/wp-content\/uploads\/2020\/12\/IMG-20201222-WA0053.jpg\" alt=\"\" class=\"wp-image-65034\" srcset=\"https:\/\/blogdoedvaldomagalhaes.com.br\/wp-content\/uploads\/2020\/12\/IMG-20201222-WA0053.jpg 1024w, https:\/\/blogdoedvaldomagalhaes.com.br\/wp-content\/uploads\/2020\/12\/IMG-20201222-WA0053-300x135.jpg 300w, https:\/\/blogdoedvaldomagalhaes.com.br\/wp-content\/uploads\/2020\/12\/IMG-20201222-WA0053-768x346.jpg 768w\" sizes=\"auto, (max-width: 1024px) 100vw, 1024px\" \/><\/figure>\n\n\n\n<figure class=\"wp-block-image size-large\"><img loading=\"lazy\" decoding=\"async\" width=\"1024\" height=\"768\" src=\"https:\/\/blogdoedvaldomagalhaes.com.br\/wp-content\/uploads\/2020\/12\/IMG-20201222-WA0061-1024x768.jpg\" alt=\"\" class=\"wp-image-65036\" srcset=\"https:\/\/blogdoedvaldomagalhaes.com.br\/wp-content\/uploads\/2020\/12\/IMG-20201222-WA0061-1024x768.jpg 1024w, https:\/\/blogdoedvaldomagalhaes.com.br\/wp-content\/uploads\/2020\/12\/IMG-20201222-WA0061-300x225.jpg 300w, https:\/\/blogdoedvaldomagalhaes.com.br\/wp-content\/uploads\/2020\/12\/IMG-20201222-WA0061-768x576.jpg 768w, https:\/\/blogdoedvaldomagalhaes.com.br\/wp-content\/uploads\/2020\/12\/IMG-20201222-WA0061-160x120.jpg 160w, https:\/\/blogdoedvaldomagalhaes.com.br\/wp-content\/uploads\/2020\/12\/IMG-20201222-WA0061.jpg 1280w\" sizes=\"auto, (max-width: 1024px) 100vw, 1024px\" \/><figcaption>Fotos: Pol\u00edcia Civil\/Divulga\u00e7\u00e3o <\/figcaption><\/figure>\n","protected":false},"excerpt":{"rendered":"<p>A Pol\u00edcia Civil de Pernambuco desencadeou na manh\u00e3 desta ter\u00e7a-feira (22) a \u201cOpera\u00e7\u00e3o Geografia do Crime\u201d, vinculada a Diretoria Integrada&hellip;<\/p>\n","protected":false},"author":1,"featured_media":65017,"comment_status":"open","ping_status":"open","sticky":false,"template":"","format":"standard","meta":{"footnotes":""},"categories":[14121],"tags":[2,19418,1479,20432,20433],"class_list":["post-65016","post","type-post","status-publish","format-standard","has-post-thumbnail","hentry","category-policial","tag-blog-do-edvaldo-magalhaes","tag-blog-mais-acessado-de-caruaru-e-regiao","tag-noticias-policiais","tag-policia-realiza-operacao-contra-trafico-de-drogas","tag-trafico-de-armas-e-lavagem-de-dinheiro-em-varias-cidades"],"_links":{"self":[{"href":"https:\/\/blogdoedvaldomagalhaes.com.br\/index.php\/wp-json\/wp\/v2\/posts\/65016","targetHints":{"allow":["GET"]}}],"collection":[{"href":"https:\/\/blogdoedvaldomagalhaes.com.br\/index.php\/wp-json\/wp\/v2\/posts"}],"about":[{"href":"https:\/\/blogdoedvaldomagalhaes.com.br\/index.php\/wp-json\/wp\/v2\/types\/post"}],"author":[{"embeddable":true,"href":"https:\/\/blogdoedvaldomagalhaes.com.br\/index.php\/wp-json\/wp\/v2\/users\/1"}],"replies":[{"embeddable":true,"href":"https:\/\/blogdoedvaldomagalhaes.com.br\/index.php\/wp-json\/wp\/v2\/comments?post=65016"}],"version-history":[{"count":7,"href":"https:\/\/blogdoedvaldomagalhaes.com.br\/index.php\/wp-json\/wp\/v2\/posts\/65016\/revisions"}],"predecessor-version":[{"id":65037,"href":"https:\/\/blogdoedvaldomagalhaes.com.br\/index.php\/wp-json\/wp\/v2\/posts\/65016\/revisions\/65037"}],"wp:featuredmedia":[{"embeddable":true,"href":"https:\/\/blogdoedvaldomagalhaes.com.br\/index.php\/wp-json\/wp\/v2\/media\/65017"}],"wp:attachment":[{"href":"https:\/\/blogdoedvaldomagalhaes.com.br\/index.php\/wp-json\/wp\/v2\/media?parent=65016"}],"wp:term":[{"taxonomy":"category","embeddable":true,"href":"https:\/\/blogdoedvaldomagalhaes.com.br\/index.php\/wp-json\/wp\/v2\/categories?post=65016"},{"taxonomy":"post_tag","embeddable":true,"href":"https:\/\/blogdoedvaldomagalhaes.com.br\/index.php\/wp-json\/wp\/v2\/tags?post=65016"}],"curies":[{"name":"wp","href":"https:\/\/api.w.org\/{rel}","templated":true}]}}