{"id":65006,"date":"2020-12-21T21:13:52","date_gmt":"2020-12-22T00:13:52","guid":{"rendered":"https:\/\/blogdoedvaldomagalhaes.com.br\/?p=65006"},"modified":"2020-12-21T21:13:54","modified_gmt":"2020-12-22T00:13:54","slug":"mais-tres-mortes-por-covid-19-em-caruaru-e-secretaria-de-saude-alerta-para-aumento-de-casos","status":"publish","type":"post","link":"https:\/\/blogdoedvaldomagalhaes.com.br\/index.php\/2020\/12\/21\/mais-tres-mortes-por-covid-19-em-caruaru-e-secretaria-de-saude-alerta-para-aumento-de-casos\/","title":{"rendered":"Mais tr\u00eas mortes por Covid-19 em Caruaru e Secretaria de Sa\u00fade alerta para aumento de casos"},"content":{"rendered":"<p style=\"text-align: justify;\">A Secretaria de Sa\u00fade de Caruaru registrou, nesta segunda-feira (21), 73 novos casos de covid-19 no munic\u00edpio, incluindo tr\u00eas mortes, ocorridas nos dias 14, 17 e 18 de dezembro. De acordo com o boletim, os \u00f3bitos foram de foram de um homem e duas mulheres. As v\u00edtimas tinham 49, 81 e 88 anos, todas com comorbidades.<\/p>\n<p style=\"text-align: justify;\">O n\u00famero de casos confirmados do novo coronav\u00edrus no munic\u00edpio subiu para 12.653. Do in\u00edcio da pandemia at\u00e9 agora a doen\u00e7a j\u00e1 matou 397 pessoas. Est\u00e3o em investiga\u00e7\u00e3o 4 \u00f3bitos <span style=\"font-size: inherit;\">\u00a0e 539 casos.<\/span><\/p>\n<p style=\"text-align: justify;\"><span style=\"font-size: inherit;\">A Secretaria de Sa\u00fade de Caruaru, verificou um aumento de 20% de casos graves nas duas \u00faltimas semanas. O acr\u00e9scimo no n\u00famero de s\u00edndromes gripais tamb\u00e9m fez acender o sinal de alerta na rede municipal de sa\u00fade.<\/span><\/p>\n<p style=\"text-align: justify;\">Foto: Jana\u00edna Pepeu.\u00a0<\/p>\n\n\n<figure class=\"wp-block-image size-large\"><img loading=\"lazy\" decoding=\"async\" width=\"1024\" height=\"1024\" src=\"https:\/\/blogdoedvaldomagalhaes.com.br\/wp-content\/uploads\/2020\/12\/IMG-20201221-WA0311-1024x1024.jpg\" alt=\"\" class=\"wp-image-65008\" srcset=\"https:\/\/blogdoedvaldomagalhaes.com.br\/wp-content\/uploads\/2020\/12\/IMG-20201221-WA0311-1024x1024.jpg 1024w, https:\/\/blogdoedvaldomagalhaes.com.br\/wp-content\/uploads\/2020\/12\/IMG-20201221-WA0311-300x300.jpg 300w, https:\/\/blogdoedvaldomagalhaes.com.br\/wp-content\/uploads\/2020\/12\/IMG-20201221-WA0311-150x150.jpg 150w, https:\/\/blogdoedvaldomagalhaes.com.br\/wp-content\/uploads\/2020\/12\/IMG-20201221-WA0311-768x768.jpg 768w, https:\/\/blogdoedvaldomagalhaes.com.br\/wp-content\/uploads\/2020\/12\/IMG-20201221-WA0311.jpg 1280w\" sizes=\"auto, (max-width: 1024px) 100vw, 1024px\" \/><\/figure>\n","protected":false},"excerpt":{"rendered":"<p>A Secretaria de Sa\u00fade de Caruaru registrou, nesta segunda-feira (21), 73 novos casos de covid-19 no munic\u00edpio, incluindo tr\u00eas mortes,&hellip;<\/p>\n","protected":false},"author":1,"featured_media":65007,"comment_status":"open","ping_status":"open","sticky":false,"template":"","format":"standard","meta":{"footnotes":""},"categories":[14120],"tags":[2,19418,20431,19670],"class_list":["post-65006","post","type-post","status-publish","format-standard","has-post-thumbnail","hentry","category-noticias","tag-blog-do-edvaldo-magalhaes","tag-blog-mais-acessado-de-caruaru-e-regiao","tag-mais-tres-mortes-por-covid-19-em-caruaru-e-secretaria-de-saude-alerta-para-aumento-de-casos","tag-novo-coronavirus"],"_links":{"self":[{"href":"https:\/\/blogdoedvaldomagalhaes.com.br\/index.php\/wp-json\/wp\/v2\/posts\/65006","targetHints":{"allow":["GET"]}}],"collection":[{"href":"https:\/\/blogdoedvaldomagalhaes.com.br\/index.php\/wp-json\/wp\/v2\/posts"}],"about":[{"href":"https:\/\/blogdoedvaldomagalhaes.com.br\/index.php\/wp-json\/wp\/v2\/types\/post"}],"author":[{"embeddable":true,"href":"https:\/\/blogdoedvaldomagalhaes.com.br\/index.php\/wp-json\/wp\/v2\/users\/1"}],"replies":[{"embeddable":true,"href":"https:\/\/blogdoedvaldomagalhaes.com.br\/index.php\/wp-json\/wp\/v2\/comments?post=65006"}],"version-history":[{"count":1,"href":"https:\/\/blogdoedvaldomagalhaes.com.br\/index.php\/wp-json\/wp\/v2\/posts\/65006\/revisions"}],"predecessor-version":[{"id":65009,"href":"https:\/\/blogdoedvaldomagalhaes.com.br\/index.php\/wp-json\/wp\/v2\/posts\/65006\/revisions\/65009"}],"wp:featuredmedia":[{"embeddable":true,"href":"https:\/\/blogdoedvaldomagalhaes.com.br\/index.php\/wp-json\/wp\/v2\/media\/65007"}],"wp:attachment":[{"href":"https:\/\/blogdoedvaldomagalhaes.com.br\/index.php\/wp-json\/wp\/v2\/media?parent=65006"}],"wp:term":[{"taxonomy":"category","embeddable":true,"href":"https:\/\/blogdoedvaldomagalhaes.com.br\/index.php\/wp-json\/wp\/v2\/categories?post=65006"},{"taxonomy":"post_tag","embeddable":true,"href":"https:\/\/blogdoedvaldomagalhaes.com.br\/index.php\/wp-json\/wp\/v2\/tags?post=65006"}],"curies":[{"name":"wp","href":"https:\/\/api.w.org\/{rel}","templated":true}]}}