{"id":65003,"date":"2020-12-21T20:57:47","date_gmt":"2020-12-21T23:57:47","guid":{"rendered":"https:\/\/blogdoedvaldomagalhaes.com.br\/?p=65003"},"modified":"2020-12-21T20:57:49","modified_gmt":"2020-12-21T23:57:49","slug":"tremor-de-terra-com-magnitude-2-1-em-caruaru-nesta-segunda-feira-21","status":"publish","type":"post","link":"https:\/\/blogdoedvaldomagalhaes.com.br\/index.php\/2020\/12\/21\/tremor-de-terra-com-magnitude-2-1-em-caruaru-nesta-segunda-feira-21\/","title":{"rendered":"Tremor de terra com magnitude 2.1 em Caruaru nesta segunda-feira (21)"},"content":{"rendered":"<p style=\"text-align: justify;\">A terra voltou a tremer no munic\u00edpio de Caruaru, nesta segunda-feira (21). O abalo s\u00edsmico foi registrado \u00e0s 12h17 e teve magnitude 2.1 graus na escala Richter.<\/p>\n<p style=\"text-align: justify;\">Desde o in\u00edcio da atividade s\u00edsmica na regi\u00e3o, no m\u00eas de agosto deste ano, o Laborat\u00f3rio Sismol\u00f3gico da Universidade Federal do Rio Grande do Norte (UFRN) vem intensificando o monitoramento.<\/p>\n<p style=\"text-align: justify;\">No final do m\u00eas de novembro, os t\u00e9cnicos Eduardo Menezes e Marconi Alves instalaram cinco novas esta\u00e7\u00f5es sismogr\u00e1ficas. Todas as a\u00e7\u00f5es tiveram apoio e acompanhamento log\u00edstico da Defesa Civil de Caruaru e da Defesa Civil do Estado.<\/p>\n<p style=\"text-align: justify;\">Por Helenivaldo Pereira.<\/p>\n<p>Foto: Iza\u00edas Rodrigues.<\/p>\n","protected":false},"excerpt":{"rendered":"<p>A terra voltou a tremer no munic\u00edpio de Caruaru, nesta segunda-feira (21). O abalo s\u00edsmico foi registrado \u00e0s 12h17 e&hellip;<\/p>\n","protected":false},"author":1,"featured_media":65004,"comment_status":"open","ping_status":"open","sticky":false,"template":"","format":"standard","meta":{"footnotes":""},"categories":[14120],"tags":[19491,2,19418,1950,20430],"class_list":["post-65003","post","type-post","status-publish","format-standard","has-post-thumbnail","hentry","category-noticias","tag-abalo-sismico","tag-blog-do-edvaldo-magalhaes","tag-blog-mais-acessado-de-caruaru-e-regiao","tag-noticias-de-caruaru","tag-tremor-de-terra-com-magnitude-2-1-em-caruaru-nesta-segunda-feira-21"],"_links":{"self":[{"href":"https:\/\/blogdoedvaldomagalhaes.com.br\/index.php\/wp-json\/wp\/v2\/posts\/65003","targetHints":{"allow":["GET"]}}],"collection":[{"href":"https:\/\/blogdoedvaldomagalhaes.com.br\/index.php\/wp-json\/wp\/v2\/posts"}],"about":[{"href":"https:\/\/blogdoedvaldomagalhaes.com.br\/index.php\/wp-json\/wp\/v2\/types\/post"}],"author":[{"embeddable":true,"href":"https:\/\/blogdoedvaldomagalhaes.com.br\/index.php\/wp-json\/wp\/v2\/users\/1"}],"replies":[{"embeddable":true,"href":"https:\/\/blogdoedvaldomagalhaes.com.br\/index.php\/wp-json\/wp\/v2\/comments?post=65003"}],"version-history":[{"count":1,"href":"https:\/\/blogdoedvaldomagalhaes.com.br\/index.php\/wp-json\/wp\/v2\/posts\/65003\/revisions"}],"predecessor-version":[{"id":65005,"href":"https:\/\/blogdoedvaldomagalhaes.com.br\/index.php\/wp-json\/wp\/v2\/posts\/65003\/revisions\/65005"}],"wp:featuredmedia":[{"embeddable":true,"href":"https:\/\/blogdoedvaldomagalhaes.com.br\/index.php\/wp-json\/wp\/v2\/media\/65004"}],"wp:attachment":[{"href":"https:\/\/blogdoedvaldomagalhaes.com.br\/index.php\/wp-json\/wp\/v2\/media?parent=65003"}],"wp:term":[{"taxonomy":"category","embeddable":true,"href":"https:\/\/blogdoedvaldomagalhaes.com.br\/index.php\/wp-json\/wp\/v2\/categories?post=65003"},{"taxonomy":"post_tag","embeddable":true,"href":"https:\/\/blogdoedvaldomagalhaes.com.br\/index.php\/wp-json\/wp\/v2\/tags?post=65003"}],"curies":[{"name":"wp","href":"https:\/\/api.w.org\/{rel}","templated":true}]}}