{"id":65,"date":"2019-02-01T20:46:00","date_gmt":"2019-02-01T22:46:00","guid":{"rendered":"http:\/\/blogdoedvaldomagalhaes.com.br\/index.php\/2019\/02\/01\/prefeitura-de-caruaru-recebe-propostas\/"},"modified":"2019-02-10T10:28:55","modified_gmt":"2019-02-10T13:28:55","slug":"prefeitura-de-caruaru-recebe-propostas","status":"publish","type":"post","link":"https:\/\/blogdoedvaldomagalhaes.com.br\/index.php\/2019\/02\/01\/prefeitura-de-caruaru-recebe-propostas\/","title":{"rendered":"Prefeitura de Caruaru recebe propostas de artistas para programa\u00e7\u00e3o do S\u00e3o Jo\u00e3o 2019"},"content":{"rendered":"<div class=\"separator\" style=\"clear: both; text-align: center;\">\n<a href=\"http:\/\/blogdoedvaldomagalhaes.com.br\/wp-content\/uploads\/2019\/02\/festa.jpg\" imageanchor=\"1\" style=\"margin-left: 1em; margin-right: 1em;\"><img decoding=\"async\" border=\"0\" data-original-height=\"254\" data-original-width=\"768\" src=\"http:\/\/blogdoedvaldomagalhaes.com.br\/wp-content\/uploads\/2019\/02\/festa.jpg\"><\/a><\/div>\n<div class=\"MsoNormal\" style=\"background: white; margin-bottom: 10.0pt; mso-line-height-alt: 13.2pt; text-align: justify;\"><\/div>\n<div class=\"MsoNormal\" style=\"background: white; margin-bottom: 10.0pt; mso-line-height-alt: 13.2pt; text-align: justify;\">\nA Prefeitura de Caruaru lan\u00e7ou, no Di\u00e1rio Oficial desta quinta-feira<br \/>\n(31), um edital de chamamento p\u00fablico a n\u00edvel nacional para artistas<br \/>\ninteressados em compor a programa\u00e7\u00e3o do S\u00e3o Jo\u00e3o 2019. As inscri\u00e7\u00f5es ocorrem<br \/>\nat\u00e9 o dia 1\u00ba de mar\u00e7o, podendo ser feitas de forma presencial, na Funda\u00e7\u00e3o de<br \/>\nCultura e Turismo do munic\u00edpio, ou atrav\u00e9s do e-mail&nbsp;<a href=\"mailto:saojoaocaruaru2019@gmail.com\" target=\"_blank\">saojoaocaruaru2019@gmail.com<\/a>.<\/div>\n<div class=\"MsoNormal\" style=\"background: white; margin-bottom: 10.0pt; mso-line-height-alt: 13.2pt; text-align: justify;\">\nA habilita\u00e7\u00e3o das propostas inscritas ser\u00e1 feita a partir da an\u00e1lise da documenta\u00e7\u00e3o<br \/>\nnecess\u00e1ria por equipes t\u00e9cnicas da Funda\u00e7\u00e3o de Cultura e Turismo de Caruaru. Em<br \/>\nseguida ter\u00e1 a fase de an\u00e1lise art\u00edstica.<\/div>\n<div class=\"MsoNormal\" style=\"background: white; margin-bottom: 10.0pt; mso-line-height-alt: 13.2pt; text-align: justify;\">\nUma comiss\u00e3o de sele\u00e7\u00e3o de propostas do S\u00e3o Jo\u00e3o ficar\u00e1 respons\u00e1vel por<br \/>\npontuar e selecionar as propostas, respeitando a nota de corte e o crit\u00e9rio da<br \/>\nmaior para a menor nota. A Funda\u00e7\u00e3o de Cultura e Turismo de Caruaru designar\u00e1<br \/>\nos polos em que os artistas ir\u00e3o se apresentar. Esta comiss\u00e3o ser\u00e1 composta por<br \/>\nquatro representantes indicados pelo poder p\u00fablico municipal e quatro<br \/>\nrepresentantes indicados pelo Conselho Municipal de Pol\u00edtica Cultural de<br \/>\nCaruaru.<\/div>\n<div class=\"MsoNormal\" style=\"background: white; margin-bottom: 10.0pt; mso-line-height-alt: 13.2pt; text-align: justify;\">\nA Funda\u00e7\u00e3o de Cultura e Turismo fica localizada na Pra\u00e7a Coronel Jos\u00e9 de<br \/>\nVasconcelos, n\u00famero 100, Centro. Os telefones para contato s\u00e3o: (81) 3721-1257<br \/>\n\/ 3721-4051. O edital pode ser acessado neste link:&nbsp;&nbsp;<a href=\"https:\/\/bit.ly\/2sZxyDi\" target=\"_blank\">https:\/\/bit.ly\/2sZxyDi<\/a><\/div>\n<div class=\"MsoNormal\" style=\"background: white; margin-bottom: 10.0pt; mso-line-height-alt: 13.2pt; text-align: justify;\">\nNa pr\u00f3xima sexta-feira (8), haver\u00e1 uma oficina para apresentar aos<br \/>\ncandidatos algumas orienta\u00e7\u00f5es sobre como fazer a inscri\u00e7\u00e3o.&nbsp; Ser\u00e1 na Casa<br \/>\nde Cultura Jos\u00e9 Cond\u00e9, das 9h \u00e0s 12h. A capacita\u00e7\u00e3o \u00e9 realizada pela<br \/>\ncoordena\u00e7\u00e3o de Projetos da FCTC junto ao Conselho Municipal de Pol\u00edticas<br \/>\nCulturais.<\/div>\n<div class=\"MsoNormal\"><\/div>\n","protected":false},"excerpt":{"rendered":"<p>A Prefeitura de Caruaru lan\u00e7ou, no Di\u00e1rio Oficial desta quinta-feira (31), um edital de chamamento p\u00fablico a n\u00edvel nacional para&hellip;<\/p>\n","protected":false},"author":1,"featured_media":0,"comment_status":"open","ping_status":"open","sticky":false,"template":"","format":"standard","meta":{"footnotes":""},"categories":[14122],"tags":[2,20,72],"class_list":["post-65","post","type-post","status-publish","format-standard","hentry","category-politica","tag-blog-do-edvaldo-magalhaes","tag-politica","tag-prefeitura-de-caruaru-recebe-propostas-de-artistas-para-programacao-do-sao-joao-2019"],"_links":{"self":[{"href":"https:\/\/blogdoedvaldomagalhaes.com.br\/index.php\/wp-json\/wp\/v2\/posts\/65","targetHints":{"allow":["GET"]}}],"collection":[{"href":"https:\/\/blogdoedvaldomagalhaes.com.br\/index.php\/wp-json\/wp\/v2\/posts"}],"about":[{"href":"https:\/\/blogdoedvaldomagalhaes.com.br\/index.php\/wp-json\/wp\/v2\/types\/post"}],"author":[{"embeddable":true,"href":"https:\/\/blogdoedvaldomagalhaes.com.br\/index.php\/wp-json\/wp\/v2\/users\/1"}],"replies":[{"embeddable":true,"href":"https:\/\/blogdoedvaldomagalhaes.com.br\/index.php\/wp-json\/wp\/v2\/comments?post=65"}],"version-history":[{"count":2,"href":"https:\/\/blogdoedvaldomagalhaes.com.br\/index.php\/wp-json\/wp\/v2\/posts\/65\/revisions"}],"predecessor-version":[{"id":38227,"href":"https:\/\/blogdoedvaldomagalhaes.com.br\/index.php\/wp-json\/wp\/v2\/posts\/65\/revisions\/38227"}],"wp:attachment":[{"href":"https:\/\/blogdoedvaldomagalhaes.com.br\/index.php\/wp-json\/wp\/v2\/media?parent=65"}],"wp:term":[{"taxonomy":"category","embeddable":true,"href":"https:\/\/blogdoedvaldomagalhaes.com.br\/index.php\/wp-json\/wp\/v2\/categories?post=65"},{"taxonomy":"post_tag","embeddable":true,"href":"https:\/\/blogdoedvaldomagalhaes.com.br\/index.php\/wp-json\/wp\/v2\/tags?post=65"}],"curies":[{"name":"wp","href":"https:\/\/api.w.org\/{rel}","templated":true}]}}