{"id":64984,"date":"2020-12-21T18:54:01","date_gmt":"2020-12-21T21:54:01","guid":{"rendered":"https:\/\/blogdoedvaldomagalhaes.com.br\/?p=64984"},"modified":"2020-12-21T23:43:37","modified_gmt":"2020-12-22T02:43:37","slug":"rebeliao-e-varias-fugas-de-internos-na-funase-caruaru-nesta-segunda-21","status":"publish","type":"post","link":"https:\/\/blogdoedvaldomagalhaes.com.br\/index.php\/2020\/12\/21\/rebeliao-e-varias-fugas-de-internos-na-funase-caruaru-nesta-segunda-21\/","title":{"rendered":"Rebeli\u00e3o e v\u00e1rias fugas de internos na Funase Caruaru nesta segunda (21)"},"content":{"rendered":"<p style=\"text-align: justify;\">Uma rebeli\u00e3o foi iniciada \u00e0s 17h45 desta segunda-feira (21), na Funase Caruaru. Internos atearam fogo em colch\u00f5es nas entradas, receberam a tropa de Choque da PMPE e o Corpo de Bombeiros com pedradas, e fizeram buracos na parede por onde fugiram. V\u00eddeos de populares que residem nas proximidades,\u00a0 mostram v\u00e1rios adolescentes fugindo da unidade. Policiais Civis e Militares, al\u00e9m do Corpo de Bombeiros estiveram no local. Nenhum Agente ou funcion\u00e1rio foi feito ref\u00e9m. Ningu\u00e9m ficou ferido ou morto. Fugiram 26 internos, e 06 <span style=\"font-size: inherit; text-align: justify;\">foram recapturados pela Pol\u00edcia Militar, at\u00e9 o momento.\u00a0<\/span><\/p>\n<p style=\"text-align: justify;\">Em nota, a Funda\u00e7\u00e3o de Atendimento Socioeducativo (Funase) confirmou o tumulto no Centro de Atendimento Socioeducativo (Case) Caruaru. Integrantes do Batalh\u00e3o Integrado Especializado (Biesp) entraram na unidade por volta das 18h20. A Funase repassar\u00e1 os detalhamentos \u00e0 imprensa e \u00e0 sociedade assim que a situa\u00e7\u00e3o tiver algum n\u00edvel de consolida\u00e7\u00e3o.<\/p>\n<p style=\"text-align: justify;\">Continue acessando o Blog do Edvaldo Magalh\u00e3es, estamos atualizando as informa\u00e7\u00f5es.\u00a0<\/p>\n\n\n<figure class=\"wp-block-image size-large\"><img loading=\"lazy\" decoding=\"async\" width=\"1000\" height=\"539\" src=\"https:\/\/blogdoedvaldomagalhaes.com.br\/wp-content\/uploads\/2020\/12\/IMG-20201221-WA0250.jpg\" alt=\"\" class=\"wp-image-64986\" srcset=\"https:\/\/blogdoedvaldomagalhaes.com.br\/wp-content\/uploads\/2020\/12\/IMG-20201221-WA0250.jpg 1000w, https:\/\/blogdoedvaldomagalhaes.com.br\/wp-content\/uploads\/2020\/12\/IMG-20201221-WA0250-300x162.jpg 300w, https:\/\/blogdoedvaldomagalhaes.com.br\/wp-content\/uploads\/2020\/12\/IMG-20201221-WA0250-768x414.jpg 768w\" sizes=\"auto, (max-width: 1000px) 100vw, 1000px\" \/><\/figure>\n\n\n\n<figure class=\"wp-block-image size-large\"><img loading=\"lazy\" decoding=\"async\" width=\"1000\" height=\"532\" src=\"https:\/\/blogdoedvaldomagalhaes.com.br\/wp-content\/uploads\/2020\/12\/IMG-20201221-WA0249.jpg\" alt=\"\" class=\"wp-image-64990\" srcset=\"https:\/\/blogdoedvaldomagalhaes.com.br\/wp-content\/uploads\/2020\/12\/IMG-20201221-WA0249.jpg 1000w, https:\/\/blogdoedvaldomagalhaes.com.br\/wp-content\/uploads\/2020\/12\/IMG-20201221-WA0249-300x160.jpg 300w, https:\/\/blogdoedvaldomagalhaes.com.br\/wp-content\/uploads\/2020\/12\/IMG-20201221-WA0249-768x409.jpg 768w\" sizes=\"auto, (max-width: 1000px) 100vw, 1000px\" \/><\/figure>\n\n\n\n<figure class=\"wp-block-image size-large\"><img loading=\"lazy\" decoding=\"async\" width=\"1000\" height=\"549\" src=\"https:\/\/blogdoedvaldomagalhaes.com.br\/wp-content\/uploads\/2020\/12\/IMG-20201221-WA0247.jpg\" alt=\"\" class=\"wp-image-64992\" srcset=\"https:\/\/blogdoedvaldomagalhaes.com.br\/wp-content\/uploads\/2020\/12\/IMG-20201221-WA0247.jpg 1000w, https:\/\/blogdoedvaldomagalhaes.com.br\/wp-content\/uploads\/2020\/12\/IMG-20201221-WA0247-300x165.jpg 300w, https:\/\/blogdoedvaldomagalhaes.com.br\/wp-content\/uploads\/2020\/12\/IMG-20201221-WA0247-768x422.jpg 768w\" sizes=\"auto, (max-width: 1000px) 100vw, 1000px\" \/><\/figure>\n\n\n\n<figure class=\"wp-block-image size-large\"><img loading=\"lazy\" decoding=\"async\" width=\"1000\" height=\"550\" src=\"https:\/\/blogdoedvaldomagalhaes.com.br\/wp-content\/uploads\/2020\/12\/IMG-20201221-WA0246.jpg\" alt=\"\" class=\"wp-image-64994\" srcset=\"https:\/\/blogdoedvaldomagalhaes.com.br\/wp-content\/uploads\/2020\/12\/IMG-20201221-WA0246.jpg 1000w, https:\/\/blogdoedvaldomagalhaes.com.br\/wp-content\/uploads\/2020\/12\/IMG-20201221-WA0246-300x165.jpg 300w, https:\/\/blogdoedvaldomagalhaes.com.br\/wp-content\/uploads\/2020\/12\/IMG-20201221-WA0246-768x422.jpg 768w\" sizes=\"auto, (max-width: 1000px) 100vw, 1000px\" \/><\/figure>\n\n\n\n<figure class=\"wp-block-image size-large\"><img loading=\"lazy\" decoding=\"async\" width=\"1024\" height=\"569\" src=\"https:\/\/blogdoedvaldomagalhaes.com.br\/wp-content\/uploads\/2020\/12\/Screenshot_20201221-1908182-1024x569.png\" alt=\"\" class=\"wp-image-64996\" srcset=\"https:\/\/blogdoedvaldomagalhaes.com.br\/wp-content\/uploads\/2020\/12\/Screenshot_20201221-1908182-1024x569.png 1024w, https:\/\/blogdoedvaldomagalhaes.com.br\/wp-content\/uploads\/2020\/12\/Screenshot_20201221-1908182-300x167.png 300w, https:\/\/blogdoedvaldomagalhaes.com.br\/wp-content\/uploads\/2020\/12\/Screenshot_20201221-1908182-768x427.png 768w, https:\/\/blogdoedvaldomagalhaes.com.br\/wp-content\/uploads\/2020\/12\/Screenshot_20201221-1908182.png 1080w\" sizes=\"auto, (max-width: 1024px) 100vw, 1024px\" \/><\/figure>\n\n\n\n<figure class=\"wp-block-image size-large\"><img loading=\"lazy\" decoding=\"async\" width=\"1024\" height=\"569\" src=\"https:\/\/blogdoedvaldomagalhaes.com.br\/wp-content\/uploads\/2020\/12\/Screenshot_20201221-1908512-1024x569.png\" alt=\"\" class=\"wp-image-64997\" srcset=\"https:\/\/blogdoedvaldomagalhaes.com.br\/wp-content\/uploads\/2020\/12\/Screenshot_20201221-1908512-1024x569.png 1024w, https:\/\/blogdoedvaldomagalhaes.com.br\/wp-content\/uploads\/2020\/12\/Screenshot_20201221-1908512-300x167.png 300w, https:\/\/blogdoedvaldomagalhaes.com.br\/wp-content\/uploads\/2020\/12\/Screenshot_20201221-1908512-768x427.png 768w, https:\/\/blogdoedvaldomagalhaes.com.br\/wp-content\/uploads\/2020\/12\/Screenshot_20201221-1908512.png 1080w\" sizes=\"auto, (max-width: 1024px) 100vw, 1024px\" \/><\/figure>\n","protected":false},"excerpt":{"rendered":"<p>Uma rebeli\u00e3o foi iniciada \u00e0s 17h45 desta segunda-feira (21), na Funase Caruaru. Internos atearam fogo em colch\u00f5es nas entradas, receberam&hellip;<\/p>\n","protected":false},"author":1,"featured_media":64985,"comment_status":"open","ping_status":"open","sticky":false,"template":"","format":"standard","meta":{"footnotes":""},"categories":[14120],"tags":[2,19418,20429],"class_list":["post-64984","post","type-post","status-publish","format-standard","has-post-thumbnail","hentry","category-noticias","tag-blog-do-edvaldo-magalhaes","tag-blog-mais-acessado-de-caruaru-e-regiao","tag-rebeliao-e-varias-fugas-de-internos-na-funase-caruaru-nesta-segunda-21"],"_links":{"self":[{"href":"https:\/\/blogdoedvaldomagalhaes.com.br\/index.php\/wp-json\/wp\/v2\/posts\/64984","targetHints":{"allow":["GET"]}}],"collection":[{"href":"https:\/\/blogdoedvaldomagalhaes.com.br\/index.php\/wp-json\/wp\/v2\/posts"}],"about":[{"href":"https:\/\/blogdoedvaldomagalhaes.com.br\/index.php\/wp-json\/wp\/v2\/types\/post"}],"author":[{"embeddable":true,"href":"https:\/\/blogdoedvaldomagalhaes.com.br\/index.php\/wp-json\/wp\/v2\/users\/1"}],"replies":[{"embeddable":true,"href":"https:\/\/blogdoedvaldomagalhaes.com.br\/index.php\/wp-json\/wp\/v2\/comments?post=64984"}],"version-history":[{"count":12,"href":"https:\/\/blogdoedvaldomagalhaes.com.br\/index.php\/wp-json\/wp\/v2\/posts\/64984\/revisions"}],"predecessor-version":[{"id":65015,"href":"https:\/\/blogdoedvaldomagalhaes.com.br\/index.php\/wp-json\/wp\/v2\/posts\/64984\/revisions\/65015"}],"wp:featuredmedia":[{"embeddable":true,"href":"https:\/\/blogdoedvaldomagalhaes.com.br\/index.php\/wp-json\/wp\/v2\/media\/64985"}],"wp:attachment":[{"href":"https:\/\/blogdoedvaldomagalhaes.com.br\/index.php\/wp-json\/wp\/v2\/media?parent=64984"}],"wp:term":[{"taxonomy":"category","embeddable":true,"href":"https:\/\/blogdoedvaldomagalhaes.com.br\/index.php\/wp-json\/wp\/v2\/categories?post=64984"},{"taxonomy":"post_tag","embeddable":true,"href":"https:\/\/blogdoedvaldomagalhaes.com.br\/index.php\/wp-json\/wp\/v2\/tags?post=64984"}],"curies":[{"name":"wp","href":"https:\/\/api.w.org\/{rel}","templated":true}]}}