{"id":64978,"date":"2020-12-21T17:43:19","date_gmt":"2020-12-21T20:43:19","guid":{"rendered":"https:\/\/blogdoedvaldomagalhaes.com.br\/?p=64978"},"modified":"2020-12-21T17:43:21","modified_gmt":"2020-12-21T20:43:21","slug":"pernambuco-registra-mais-de-700-novos-casos-de-covid-19-e-8-novas-mortes","status":"publish","type":"post","link":"https:\/\/blogdoedvaldomagalhaes.com.br\/index.php\/2020\/12\/21\/pernambuco-registra-mais-de-700-novos-casos-de-covid-19-e-8-novas-mortes\/","title":{"rendered":"Pernambuco registra mais de 700 novos casos de Covid-19 e 8 novas mortes"},"content":{"rendered":"<p style=\"text-align: justify;\">A Secretaria Estadual de Sa\u00fade (SES-PE) registrou, nesta segunda-feira (21\/12),\u00a0<b>709 casos da Covid-19<\/b>. Entre os confirmados hoje, 38 (5%) s\u00e3o casos de S\u00edndrome Respirat\u00f3ria Aguda Grave (SRAG) e 671 (95%) s\u00e3o leves. Agora,\u00a0<b>Pernambuco totaliza 208.135 casos confirmados da doen\u00e7a<\/b>, sendo 28.969 graves e 179.166 leves.<\/p>\n<p><b>Tamb\u00e9m foram confirmados 8 \u00f3bitos<\/b>, ocorridos entre os dias 26\/08 e 19\/12. Com isso, o\u00a0<b>Estado totaliza 9.443 mortes pela Covid-19<\/b>. Os detalhes epidemiol\u00f3gicos ser\u00e3o repassados ao longo do dia pela Secretaria Estadual de Sa\u00fade.<\/p>\n<p>Foto: istock.<\/p>\n","protected":false},"excerpt":{"rendered":"<p>A Secretaria Estadual de Sa\u00fade (SES-PE) registrou, nesta segunda-feira (21\/12),\u00a0709 casos da Covid-19. Entre os confirmados hoje, 38 (5%) s\u00e3o&hellip;<\/p>\n","protected":false},"author":1,"featured_media":64979,"comment_status":"open","ping_status":"open","sticky":false,"template":"","format":"standard","meta":{"footnotes":""},"categories":[14120],"tags":[2,19418,6,19670,20427],"class_list":["post-64978","post","type-post","status-publish","format-standard","has-post-thumbnail","hentry","category-noticias","tag-blog-do-edvaldo-magalhaes","tag-blog-mais-acessado-de-caruaru-e-regiao","tag-noticias","tag-novo-coronavirus","tag-pernambuco-registra-mais-de-700-novos-casos-de-covid-19-e-8-novas-mortes"],"_links":{"self":[{"href":"https:\/\/blogdoedvaldomagalhaes.com.br\/index.php\/wp-json\/wp\/v2\/posts\/64978","targetHints":{"allow":["GET"]}}],"collection":[{"href":"https:\/\/blogdoedvaldomagalhaes.com.br\/index.php\/wp-json\/wp\/v2\/posts"}],"about":[{"href":"https:\/\/blogdoedvaldomagalhaes.com.br\/index.php\/wp-json\/wp\/v2\/types\/post"}],"author":[{"embeddable":true,"href":"https:\/\/blogdoedvaldomagalhaes.com.br\/index.php\/wp-json\/wp\/v2\/users\/1"}],"replies":[{"embeddable":true,"href":"https:\/\/blogdoedvaldomagalhaes.com.br\/index.php\/wp-json\/wp\/v2\/comments?post=64978"}],"version-history":[{"count":1,"href":"https:\/\/blogdoedvaldomagalhaes.com.br\/index.php\/wp-json\/wp\/v2\/posts\/64978\/revisions"}],"predecessor-version":[{"id":64980,"href":"https:\/\/blogdoedvaldomagalhaes.com.br\/index.php\/wp-json\/wp\/v2\/posts\/64978\/revisions\/64980"}],"wp:featuredmedia":[{"embeddable":true,"href":"https:\/\/blogdoedvaldomagalhaes.com.br\/index.php\/wp-json\/wp\/v2\/media\/64979"}],"wp:attachment":[{"href":"https:\/\/blogdoedvaldomagalhaes.com.br\/index.php\/wp-json\/wp\/v2\/media?parent=64978"}],"wp:term":[{"taxonomy":"category","embeddable":true,"href":"https:\/\/blogdoedvaldomagalhaes.com.br\/index.php\/wp-json\/wp\/v2\/categories?post=64978"},{"taxonomy":"post_tag","embeddable":true,"href":"https:\/\/blogdoedvaldomagalhaes.com.br\/index.php\/wp-json\/wp\/v2\/tags?post=64978"}],"curies":[{"name":"wp","href":"https:\/\/api.w.org\/{rel}","templated":true}]}}