{"id":64974,"date":"2020-12-21T17:25:50","date_gmt":"2020-12-21T20:25:50","guid":{"rendered":"https:\/\/blogdoedvaldomagalhaes.com.br\/?p=64974"},"modified":"2020-12-21T17:25:51","modified_gmt":"2020-12-21T20:25:51","slug":"verao-brasileiro-comeca-nesta-segunda-feira-21","status":"publish","type":"post","link":"https:\/\/blogdoedvaldomagalhaes.com.br\/index.php\/2020\/12\/21\/verao-brasileiro-comeca-nesta-segunda-feira-21\/","title":{"rendered":"Ver\u00e3o brasileiro come\u00e7a nesta segunda-feira (21)"},"content":{"rendered":"<p style=\"text-align: justify;\">Come\u00e7ou nesta segunda-feira (21), \u00e0s 7h02, o Ver\u00e3o brasileiro. A nova esta\u00e7\u00e3o segue at\u00e9 o dia 20 de ma\u00e7o de 2021.<\/p>\n<p style=\"text-align: justify;\">O per\u00edodo \u00e9 caracterizado pela eleva\u00e7\u00e3o da temperatura em todo o Pa\u00eds. Os dias s\u00e3o mais longos que as noites e h\u00e1 mudan\u00e7as r\u00e1pidas nas condi\u00e7\u00f5es de tempo, como chuva forte, queda de granizo, vento com diferentes intensidades (moderada a forte) e descargas el\u00e9tricas.<\/p>\n<p style=\"text-align: justify;\">A previs\u00e3o da Ag\u00eancia Pernambucana de \u00c1guas e Clima (Apac) para o Agreste neste primeiro dia do Ver\u00e3o \u00e9 de tempo parcialmente nublado. Caruaru nesta manh\u00e3 teve tempo firme, sol e poucas nuvens. Temperatura de 26\u00baC, chegando a 30\u00baC no per\u00edodo da tarde.<\/p>\n<p>Por Helenivaldo Pereira.\u00a0<\/p>\n\n\n<figure class=\"wp-block-image size-large\"><img loading=\"lazy\" decoding=\"async\" width=\"1024\" height=\"1024\" src=\"https:\/\/blogdoedvaldomagalhaes.com.br\/wp-content\/uploads\/2020\/12\/Screenshot_20201221-1713362-1024x1024.png\" alt=\"\" class=\"wp-image-64976\" srcset=\"https:\/\/blogdoedvaldomagalhaes.com.br\/wp-content\/uploads\/2020\/12\/Screenshot_20201221-1713362-1024x1024.png 1024w, https:\/\/blogdoedvaldomagalhaes.com.br\/wp-content\/uploads\/2020\/12\/Screenshot_20201221-1713362-300x300.png 300w, https:\/\/blogdoedvaldomagalhaes.com.br\/wp-content\/uploads\/2020\/12\/Screenshot_20201221-1713362-150x150.png 150w, https:\/\/blogdoedvaldomagalhaes.com.br\/wp-content\/uploads\/2020\/12\/Screenshot_20201221-1713362-768x767.png 768w, https:\/\/blogdoedvaldomagalhaes.com.br\/wp-content\/uploads\/2020\/12\/Screenshot_20201221-1713362.png 1078w\" sizes=\"auto, (max-width: 1024px) 100vw, 1024px\" \/><figcaption>Fotos: Eduardo Salles\/Instagram <\/figcaption><\/figure>\n","protected":false},"excerpt":{"rendered":"<p>Come\u00e7ou nesta segunda-feira (21), \u00e0s 7h02, o Ver\u00e3o brasileiro. A nova esta\u00e7\u00e3o segue at\u00e9 o dia 20 de ma\u00e7o de&hellip;<\/p>\n","protected":false},"author":1,"featured_media":64975,"comment_status":"open","ping_status":"open","sticky":false,"template":"","format":"standard","meta":{"footnotes":""},"categories":[1],"tags":[2,19418,20426],"class_list":["post-64974","post","type-post","status-publish","format-standard","has-post-thumbnail","hentry","category-sem-categoria","tag-blog-do-edvaldo-magalhaes","tag-blog-mais-acessado-de-caruaru-e-regiao","tag-verao-brasileiro-comeca-nesta-segunda-feira-21"],"_links":{"self":[{"href":"https:\/\/blogdoedvaldomagalhaes.com.br\/index.php\/wp-json\/wp\/v2\/posts\/64974","targetHints":{"allow":["GET"]}}],"collection":[{"href":"https:\/\/blogdoedvaldomagalhaes.com.br\/index.php\/wp-json\/wp\/v2\/posts"}],"about":[{"href":"https:\/\/blogdoedvaldomagalhaes.com.br\/index.php\/wp-json\/wp\/v2\/types\/post"}],"author":[{"embeddable":true,"href":"https:\/\/blogdoedvaldomagalhaes.com.br\/index.php\/wp-json\/wp\/v2\/users\/1"}],"replies":[{"embeddable":true,"href":"https:\/\/blogdoedvaldomagalhaes.com.br\/index.php\/wp-json\/wp\/v2\/comments?post=64974"}],"version-history":[{"count":1,"href":"https:\/\/blogdoedvaldomagalhaes.com.br\/index.php\/wp-json\/wp\/v2\/posts\/64974\/revisions"}],"predecessor-version":[{"id":64977,"href":"https:\/\/blogdoedvaldomagalhaes.com.br\/index.php\/wp-json\/wp\/v2\/posts\/64974\/revisions\/64977"}],"wp:featuredmedia":[{"embeddable":true,"href":"https:\/\/blogdoedvaldomagalhaes.com.br\/index.php\/wp-json\/wp\/v2\/media\/64975"}],"wp:attachment":[{"href":"https:\/\/blogdoedvaldomagalhaes.com.br\/index.php\/wp-json\/wp\/v2\/media?parent=64974"}],"wp:term":[{"taxonomy":"category","embeddable":true,"href":"https:\/\/blogdoedvaldomagalhaes.com.br\/index.php\/wp-json\/wp\/v2\/categories?post=64974"},{"taxonomy":"post_tag","embeddable":true,"href":"https:\/\/blogdoedvaldomagalhaes.com.br\/index.php\/wp-json\/wp\/v2\/tags?post=64974"}],"curies":[{"name":"wp","href":"https:\/\/api.w.org\/{rel}","templated":true}]}}