{"id":64967,"date":"2020-12-20T19:31:09","date_gmt":"2020-12-20T22:31:09","guid":{"rendered":"https:\/\/blogdoedvaldomagalhaes.com.br\/?p=64967"},"modified":"2020-12-20T20:17:28","modified_gmt":"2020-12-20T23:17:28","slug":"pernambuco-registra-418-novos-casos-de-covid-19-e-mais-17-novas-mortes","status":"publish","type":"post","link":"https:\/\/blogdoedvaldomagalhaes.com.br\/index.php\/2020\/12\/20\/pernambuco-registra-418-novos-casos-de-covid-19-e-mais-17-novas-mortes\/","title":{"rendered":"Pernambuco registra 418 novos casos de Covid-19 e mais 17 novas mortes"},"content":{"rendered":"<p style=\"text-align: justify;\"><span style=\"font-family: verdana, sans-serif;\">A Secretaria Estadual de Sa\u00fade (SES-PE) registrou, neste domingo (20\/12), 418 casos da Covid-19. Entre os confirmados hoje, 30 (7%) s\u00e3o casos de S\u00edndrome Respirat\u00f3ria Aguda Grave (SRAG) e 388 (93%) s\u00e3o leves. Agora, Pernambuco totaliza 207.426 casos confirmados da doen\u00e7a, sendo 28.931 graves e 178.495 leves, que est\u00e3o distribu\u00eddos por todos os 184 munic\u00edpios pernambucanos, al\u00e9m do arquip\u00e9lago de Fernando de Noronha.<\/span><\/p>\n<p style=\"text-align: justify;\">Al\u00e9m disso, o boletim registra um total de 179.062 pacientes recuperados da doen\u00e7a. Destes, 18.220 eram pacientes graves, que necessitaram de internamento hospitalar, e 160.842 eram casos leves.<\/p>\n<p style=\"text-align: justify;\">Tamb\u00e9m foram confirmados laboratorialmente 17 novos \u00f3bitos (8 masculinos e 9 femininos), registrados entre os dias 14\/10 e 19\/12. As novas mortes s\u00e3o de pessoas residentes dos munic\u00edpios de Abreu e Lima (1), Caruaru (1), Flores (1), Ipojuca (1), Moreno (1), Passira (1), Recife (6), S\u00e3o Bento do Una (1), Tabira (1), Timba\u00faba (2) e Vit\u00f3ria de Santo Ant\u00e3o (1). Com isso, o Estado totaliza 9.435 mortes pela doen\u00e7a.<\/p>\n<p style=\"text-align: justify;\">Os pacientes tinham idades entre 27 e 90 anos. As faixas et\u00e1rias s\u00e3o: 20 a 29 (1), 40 a 49 (2), 50 a 59 (3), 60 a 69 (1), 70 a 79 (5) e 80 ou mais (5). Do total, 15 tinham doen\u00e7as pr\u00e9-existentes: doen\u00e7a cardiovascular (9), diabetes (7), doen\u00e7a renal (5), hipertens\u00e3o (3), tabagismo (1), obesidade (1), e doen\u00e7a de Parkinson (1), &#8211; um paciente pode ter mais de uma comorbidade.&nbsp; Os demais est\u00e3o em investiga\u00e7\u00e3o.<\/p>\n<p style=\"text-align: justify;\">Com rela\u00e7\u00e3o \u00e0 testagem dos profissionais de sa\u00fade com sintomas de gripe, em Pernambuco, at\u00e9 agora, 23.819 casos foram confirmados e 42.872 descartados. As testagens entre os trabalhadores do setor abrangem os profissionais de todas as unidades de sa\u00fade, sejam da rede p\u00fablica (estadual e municipal) ou privada. O Governo de Pernambuco foi o primeiro do pa\u00eds a criar um protocolo para testar e afastar os profissionais da \u00e1rea da sa\u00fade com sintomas gripais.<\/p>\n\n\n<figure class=\"wp-block-image size-large\"><img loading=\"lazy\" decoding=\"async\" width=\"1024\" height=\"794\" src=\"https:\/\/blogdoedvaldomagalhaes.com.br\/wp-content\/uploads\/2020\/12\/Screenshot_20201220-2015192-1024x794.png\" alt=\"\" class=\"wp-image-64972\" srcset=\"https:\/\/blogdoedvaldomagalhaes.com.br\/wp-content\/uploads\/2020\/12\/Screenshot_20201220-2015192-1024x794.png 1024w, https:\/\/blogdoedvaldomagalhaes.com.br\/wp-content\/uploads\/2020\/12\/Screenshot_20201220-2015192-300x233.png 300w, https:\/\/blogdoedvaldomagalhaes.com.br\/wp-content\/uploads\/2020\/12\/Screenshot_20201220-2015192-768x595.png 768w, https:\/\/blogdoedvaldomagalhaes.com.br\/wp-content\/uploads\/2020\/12\/Screenshot_20201220-2015192.png 1080w\" sizes=\"auto, (max-width: 1024px) 100vw, 1024px\" \/><\/figure>\n","protected":false},"excerpt":{"rendered":"<p>A Secretaria Estadual de Sa\u00fade (SES-PE) registrou, neste domingo (20\/12), 418 casos da Covid-19. Entre os confirmados hoje, 30 (7%)&hellip;<\/p>\n","protected":false},"author":1,"featured_media":64968,"comment_status":"open","ping_status":"open","sticky":false,"template":"","format":"standard","meta":{"footnotes":""},"categories":[14120],"tags":[2,19418,19670,20425],"class_list":["post-64967","post","type-post","status-publish","format-standard","has-post-thumbnail","hentry","category-noticias","tag-blog-do-edvaldo-magalhaes","tag-blog-mais-acessado-de-caruaru-e-regiao","tag-novo-coronavirus","tag-pernambuco-registra-418-novos-casos-de-covid-19-e-mais-17-novas-mortes"],"_links":{"self":[{"href":"https:\/\/blogdoedvaldomagalhaes.com.br\/index.php\/wp-json\/wp\/v2\/posts\/64967","targetHints":{"allow":["GET"]}}],"collection":[{"href":"https:\/\/blogdoedvaldomagalhaes.com.br\/index.php\/wp-json\/wp\/v2\/posts"}],"about":[{"href":"https:\/\/blogdoedvaldomagalhaes.com.br\/index.php\/wp-json\/wp\/v2\/types\/post"}],"author":[{"embeddable":true,"href":"https:\/\/blogdoedvaldomagalhaes.com.br\/index.php\/wp-json\/wp\/v2\/users\/1"}],"replies":[{"embeddable":true,"href":"https:\/\/blogdoedvaldomagalhaes.com.br\/index.php\/wp-json\/wp\/v2\/comments?post=64967"}],"version-history":[{"count":3,"href":"https:\/\/blogdoedvaldomagalhaes.com.br\/index.php\/wp-json\/wp\/v2\/posts\/64967\/revisions"}],"predecessor-version":[{"id":64973,"href":"https:\/\/blogdoedvaldomagalhaes.com.br\/index.php\/wp-json\/wp\/v2\/posts\/64967\/revisions\/64973"}],"wp:featuredmedia":[{"embeddable":true,"href":"https:\/\/blogdoedvaldomagalhaes.com.br\/index.php\/wp-json\/wp\/v2\/media\/64968"}],"wp:attachment":[{"href":"https:\/\/blogdoedvaldomagalhaes.com.br\/index.php\/wp-json\/wp\/v2\/media?parent=64967"}],"wp:term":[{"taxonomy":"category","embeddable":true,"href":"https:\/\/blogdoedvaldomagalhaes.com.br\/index.php\/wp-json\/wp\/v2\/categories?post=64967"},{"taxonomy":"post_tag","embeddable":true,"href":"https:\/\/blogdoedvaldomagalhaes.com.br\/index.php\/wp-json\/wp\/v2\/tags?post=64967"}],"curies":[{"name":"wp","href":"https:\/\/api.w.org\/{rel}","templated":true}]}}