{"id":6488,"date":"2017-03-18T21:31:00","date_gmt":"2017-03-19T00:31:00","guid":{"rendered":"http:\/\/blogdoedvaldomagalhaes.com.br\/index.php\/2017\/03\/18\/treinao-da-amizade-e-solidariedade\/"},"modified":"2019-02-09T01:20:34","modified_gmt":"2019-02-09T03:20:34","slug":"treinao-da-amizade-e-solidariedade","status":"publish","type":"post","link":"https:\/\/blogdoedvaldomagalhaes.com.br\/index.php\/2017\/03\/18\/treinao-da-amizade-e-solidariedade\/","title":{"rendered":"Trein\u00e3o da amizade e solidariedade acontece neste domingo em Caruaru"},"content":{"rendered":"<div class=\"separator\" style=\"clear: both; text-align: center;\">\n<a href=\"https:\/\/4.bp.blogspot.com\/-2hr2tkDe05U\/WM2m-5xX15I\/AAAAAAAAR0I\/_AD50UzxfjslT5ttzQRb5aw6kpj8jI3iwCLcB\/s1600\/treino.jpg\" imageanchor=\"1\" style=\"margin-left: 1em; margin-right: 1em;\"><img loading=\"lazy\" decoding=\"async\" border=\"0\" height=\"400\" src=\"http:\/\/blogdoedvaldomagalhaes.com.br\/wp-content\/uploads\/2017\/03\/treino.jpg\" width=\"400\" \/><\/a><\/div>\n<div style=\"background-color: #fcfcfc; border: 0px; box-sizing: border-box; font-stretch: inherit; font-variant-numeric: inherit; line-height: inherit; margin-bottom: 10px; padding: 0px; text-align: justify; vertical-align: baseline;\">\n<\/div>\n<div style=\"background-color: #fcfcfc; border: 0px; box-sizing: border-box; font-stretch: inherit; font-variant-numeric: inherit; line-height: inherit; margin-bottom: 10px; padding: 0px; text-align: justify; vertical-align: baseline;\">\nNeste domingo (19), Caruaru recebe&nbsp;o 1\u00ba Trein\u00e3o da Amizade e da Solidariedade. O evento \u00e9 realizado com o objetivo de arrecadar fundos para o tratamento da corredora premiada em competi\u00e7\u00f5es regionais Cleide Onofre. Ela luta contra tumores no intestino e no f\u00edgado.<\/div>\n<div style=\"background-color: #fcfcfc; border: 0px; box-sizing: border-box; font-stretch: inherit; font-variant-numeric: inherit; line-height: inherit; margin-bottom: 10px; padding: 0px; text-align: justify; vertical-align: baseline;\">\nA concentra\u00e7\u00e3o come\u00e7a a partir das 6h e a largada ser\u00e1 \u00e0s 6h30, na Avenida Agamenon Magalh\u00e3es, em frente ao Hospital S\u00e3o Sebasti\u00e3o. No local de partida, haver\u00e1 uma tenda para arrecadar doa\u00e7\u00f5es visando&nbsp;ajudar no tratamento, o valor \u00e9 livre.<\/div>\n<div class=\"separator\" style=\"clear: both; text-align: center;\">\n<a href=\"http:\/\/blogdoedvaldomagalhaes.com.br\/wp-content\/uploads\/2017\/03\/9-Liberdade-15.jpg\" imageanchor=\"1\" style=\"clear: left; float: left; margin-bottom: 1em; margin-right: 1em;\"><img decoding=\"async\" border=\"0\" src=\"http:\/\/blogdoedvaldomagalhaes.com.br\/wp-content\/uploads\/2017\/03\/9-Liberdade-15.jpg\" \/><\/a><\/div>\n<div style=\"background-color: #fcfcfc; border: 0px; box-sizing: border-box; font-stretch: inherit; font-variant-numeric: inherit; line-height: inherit; margin-bottom: 10px; padding: 0px; text-align: justify; vertical-align: baseline;\">\n<\/div>\n","protected":false},"excerpt":{"rendered":"<p>Neste domingo (19), Caruaru recebe&nbsp;o 1\u00ba Trein\u00e3o da Amizade e da Solidariedade. O evento \u00e9 realizado com o objetivo de&hellip;<\/p>\n","protected":false},"author":1,"featured_media":0,"comment_status":"open","ping_status":"open","sticky":false,"template":"","format":"standard","meta":{"footnotes":""},"categories":[1],"tags":[992,8749,6,8767],"class_list":["post-6488","post","type-post","status-publish","format-standard","hentry","category-sem-categoria","tag-blog-do-edvaldo-do-magalhaes","tag-cleide-onofre","tag-noticias","tag-treinao-da-amizade-e-solidariedade-acontece-neste-domingo-em-caruaru"],"_links":{"self":[{"href":"https:\/\/blogdoedvaldomagalhaes.com.br\/index.php\/wp-json\/wp\/v2\/posts\/6488","targetHints":{"allow":["GET"]}}],"collection":[{"href":"https:\/\/blogdoedvaldomagalhaes.com.br\/index.php\/wp-json\/wp\/v2\/posts"}],"about":[{"href":"https:\/\/blogdoedvaldomagalhaes.com.br\/index.php\/wp-json\/wp\/v2\/types\/post"}],"author":[{"embeddable":true,"href":"https:\/\/blogdoedvaldomagalhaes.com.br\/index.php\/wp-json\/wp\/v2\/users\/1"}],"replies":[{"embeddable":true,"href":"https:\/\/blogdoedvaldomagalhaes.com.br\/index.php\/wp-json\/wp\/v2\/comments?post=6488"}],"version-history":[{"count":1,"href":"https:\/\/blogdoedvaldomagalhaes.com.br\/index.php\/wp-json\/wp\/v2\/posts\/6488\/revisions"}],"predecessor-version":[{"id":17891,"href":"https:\/\/blogdoedvaldomagalhaes.com.br\/index.php\/wp-json\/wp\/v2\/posts\/6488\/revisions\/17891"}],"wp:attachment":[{"href":"https:\/\/blogdoedvaldomagalhaes.com.br\/index.php\/wp-json\/wp\/v2\/media?parent=6488"}],"wp:term":[{"taxonomy":"category","embeddable":true,"href":"https:\/\/blogdoedvaldomagalhaes.com.br\/index.php\/wp-json\/wp\/v2\/categories?post=6488"},{"taxonomy":"post_tag","embeddable":true,"href":"https:\/\/blogdoedvaldomagalhaes.com.br\/index.php\/wp-json\/wp\/v2\/tags?post=6488"}],"curies":[{"name":"wp","href":"https:\/\/api.w.org\/{rel}","templated":true}]}}