{"id":6478,"date":"2017-03-19T21:10:00","date_gmt":"2017-03-20T00:10:00","guid":{"rendered":"http:\/\/blogdoedvaldomagalhaes.com.br\/index.php\/2017\/03\/19\/veja-como-foi-o-1-treinao-da-amizade-e\/"},"modified":"2019-02-09T01:20:41","modified_gmt":"2019-02-09T03:20:41","slug":"veja-como-foi-o-1-treinao-da-amizade-e","status":"publish","type":"post","link":"https:\/\/blogdoedvaldomagalhaes.com.br\/index.php\/2017\/03\/19\/veja-como-foi-o-1-treinao-da-amizade-e\/","title":{"rendered":"Veja como foi o 1\u00ba Trein\u00e3o da Amizade e Solidariedade de Caruaru"},"content":{"rendered":"<div style=\"background-color: #fcfcfc; border: 0px; box-sizing: border-box; font-stretch: inherit; line-height: inherit; margin-bottom: 10px; padding: 0px; text-align: justify; vertical-align: baseline;\">\n<div class=\"separator\" style=\"clear: both; text-align: center;\">\n<a href=\"https:\/\/4.bp.blogspot.com\/-pJwZh5QhlU4\/WM7zDPR8AiI\/AAAAAAAAR3w\/ma-ppEVWjY0ggT_0CGnnh4lImB_a9X59ACLcB\/s1600\/carlos.jpg\" imageanchor=\"1\" style=\"margin-left: 1em; margin-right: 1em;\"><img loading=\"lazy\" decoding=\"async\" border=\"0\" height=\"131\" src=\"http:\/\/blogdoedvaldomagalhaes.com.br\/wp-content\/uploads\/2017\/03\/carlos.jpg\" width=\"400\" \/><\/a><\/div>\n<p><\/p>\n<div class=\"separator\" style=\"clear: both; text-align: center;\">\n<a href=\"https:\/\/1.bp.blogspot.com\/-rskWUvEC0F4\/WM7zFGFRjhI\/AAAAAAAAR30\/gRr5a87-FmUaUBvqaJgmoDqaE1G62kqBQCLcB\/s1600\/carlos%2B3.jpg\" imageanchor=\"1\" style=\"margin-left: 1em; margin-right: 1em;\"><img loading=\"lazy\" decoding=\"async\" border=\"0\" height=\"246\" src=\"http:\/\/blogdoedvaldomagalhaes.com.br\/wp-content\/uploads\/2017\/03\/carlos3.jpg\" width=\"400\" \/><\/a><\/div>\n<p><\/p>\n<div class=\"separator\" style=\"clear: both; text-align: center;\">\n<a href=\"https:\/\/2.bp.blogspot.com\/-9CTbFZFXEkM\/WM7zGNXfMYI\/AAAAAAAAR34\/dJbCDnSy_HM2nBjQam3RoDPMbFxCCL9lwCLcB\/s1600\/carlos%2B2.jpg\" imageanchor=\"1\" style=\"margin-left: 1em; margin-right: 1em;\"><img loading=\"lazy\" decoding=\"async\" border=\"0\" height=\"287\" src=\"http:\/\/blogdoedvaldomagalhaes.com.br\/wp-content\/uploads\/2017\/03\/carlos2.jpg\" width=\"400\" \/><\/a><\/div>\n<div class=\"separator\" style=\"clear: both; text-align: center;\">\n<\/div>\n<div class=\"separator\" style=\"clear: both; text-align: center;\">\nFotos: Carlos Terra<\/div>\n<p>\nNeste domingo (19), aconteceu o 1\u00ba Trein\u00e3o da Amizade e da Solidariedade. O evento foi realizado com o objetivo de arrecadar fundos para o tratamento da corredora premiada em competi\u00e7\u00f5es regionais Cleide Onofre. Ela luta contra tumores no intestino e no f\u00edgado.<\/p>\n<p><\/p>\n<div class=\"separator\" style=\"clear: both; text-align: center;\">\n<a href=\"https:\/\/2.bp.blogspot.com\/-JHxoOUPQUe0\/WM7zZqFEckI\/AAAAAAAAR4A\/DUX9n60aWCcQsP7-wOgBdpkbiqpV07K_wCLcB\/s1600\/carlos%2B1.jpg\" imageanchor=\"1\" style=\"margin-left: 1em; margin-right: 1em;\"><img loading=\"lazy\" decoding=\"async\" border=\"0\" height=\"240\" src=\"http:\/\/blogdoedvaldomagalhaes.com.br\/wp-content\/uploads\/2017\/03\/carlos1.jpg\" width=\"400\" \/><\/a><\/div>\n<\/div>\n<div style=\"background-color: #fcfcfc; border: 0px; box-sizing: border-box; font-stretch: inherit; line-height: inherit; margin-bottom: 10px; padding: 0px; text-align: justify; vertical-align: baseline;\">\nNo local de partida, houve uma tenda para arrecadar doa\u00e7\u00f5es visando&nbsp;ajudar no tratamento, o valor era livre.<\/p>\n<div class=\"separator\" style=\"clear: both; text-align: center;\">\n<a href=\"http:\/\/blogdoedvaldomagalhaes.com.br\/wp-content\/uploads\/2017\/03\/10-Etical-6.jpg\" imageanchor=\"1\" style=\"margin-left: 1em; margin-right: 1em;\"><img decoding=\"async\" border=\"0\" src=\"http:\/\/blogdoedvaldomagalhaes.com.br\/wp-content\/uploads\/2017\/03\/10-Etical-6.jpg\" \/><\/a><\/div>\n<\/div>\n","protected":false},"excerpt":{"rendered":"<p>Fotos: Carlos Terra Neste domingo (19), aconteceu o 1\u00ba Trein\u00e3o da Amizade e da Solidariedade. O evento foi realizado com&hellip;<\/p>\n","protected":false},"author":1,"featured_media":0,"comment_status":"open","ping_status":"open","sticky":false,"template":"","format":"standard","meta":{"footnotes":""},"categories":[1],"tags":[992,8749,6,8750],"class_list":["post-6478","post","type-post","status-publish","format-standard","hentry","category-sem-categoria","tag-blog-do-edvaldo-do-magalhaes","tag-cleide-onofre","tag-noticias","tag-veja-como-foi-o-1o-treinao-da-amizade-e-solidariedade-de-caruaru"],"_links":{"self":[{"href":"https:\/\/blogdoedvaldomagalhaes.com.br\/index.php\/wp-json\/wp\/v2\/posts\/6478","targetHints":{"allow":["GET"]}}],"collection":[{"href":"https:\/\/blogdoedvaldomagalhaes.com.br\/index.php\/wp-json\/wp\/v2\/posts"}],"about":[{"href":"https:\/\/blogdoedvaldomagalhaes.com.br\/index.php\/wp-json\/wp\/v2\/types\/post"}],"author":[{"embeddable":true,"href":"https:\/\/blogdoedvaldomagalhaes.com.br\/index.php\/wp-json\/wp\/v2\/users\/1"}],"replies":[{"embeddable":true,"href":"https:\/\/blogdoedvaldomagalhaes.com.br\/index.php\/wp-json\/wp\/v2\/comments?post=6478"}],"version-history":[{"count":1,"href":"https:\/\/blogdoedvaldomagalhaes.com.br\/index.php\/wp-json\/wp\/v2\/posts\/6478\/revisions"}],"predecessor-version":[{"id":17931,"href":"https:\/\/blogdoedvaldomagalhaes.com.br\/index.php\/wp-json\/wp\/v2\/posts\/6478\/revisions\/17931"}],"wp:attachment":[{"href":"https:\/\/blogdoedvaldomagalhaes.com.br\/index.php\/wp-json\/wp\/v2\/media?parent=6478"}],"wp:term":[{"taxonomy":"category","embeddable":true,"href":"https:\/\/blogdoedvaldomagalhaes.com.br\/index.php\/wp-json\/wp\/v2\/categories?post=6478"},{"taxonomy":"post_tag","embeddable":true,"href":"https:\/\/blogdoedvaldomagalhaes.com.br\/index.php\/wp-json\/wp\/v2\/tags?post=6478"}],"curies":[{"name":"wp","href":"https:\/\/api.w.org\/{rel}","templated":true}]}}