{"id":6476,"date":"2017-03-20T15:50:00","date_gmt":"2017-03-20T18:50:00","guid":{"rendered":"http:\/\/blogdoedvaldomagalhaes.com.br\/index.php\/2017\/03\/20\/novo-formato-do-sao-joao-de-caruaru\/"},"modified":"2019-02-09T01:20:45","modified_gmt":"2019-02-09T03:20:45","slug":"novo-formato-do-sao-joao-de-caruaru","status":"publish","type":"post","link":"https:\/\/blogdoedvaldomagalhaes.com.br\/index.php\/2017\/03\/20\/novo-formato-do-sao-joao-de-caruaru\/","title":{"rendered":"Novo formato do S\u00e3o Jo\u00e3o de Caruaru ser\u00e1 debatido em Audi\u00eancia P\u00fablica na C\u00e2mara"},"content":{"rendered":"<div class=\"separator\" style=\"clear: both; text-align: center;\">\n<a href=\"https:\/\/1.bp.blogspot.com\/-xz7gfEzXwUs\/WM_40NqVDlI\/AAAAAAAAR5w\/kFvymmXhx-U0p7INB3w3c_MpFjWI2r2aQCLcB\/s1600\/audiencia.jpg\" imageanchor=\"1\" style=\"margin-left: 1em; margin-right: 1em;\"><img loading=\"lazy\" decoding=\"async\" border=\"0\" height=\"223\" src=\"http:\/\/blogdoedvaldomagalhaes.com.br\/wp-content\/uploads\/2017\/03\/audiencia.jpg\" width=\"400\" \/><\/a><\/div>\n<div style=\"text-align: justify;\">\nNa pr\u00f3xima quarta-feira (22) ser\u00e1 realizada uma Audi\u00eancia P\u00fablica no plen\u00e1rio da C\u00e2mara Municipal de Caruaru, a partir das 9h da manh\u00e3. A propositura \u00e9 do vereador Edjailson da Caruforr\u00f3, que convida os Artistas de Caruaru, para participar junto com o presidente da Funda\u00e7\u00e3o de Cultura e Turismo de Caruaru, Fundarpe, Empetur, e Minist\u00e9rio P\u00fablico.&nbsp;<\/div>\n<div style=\"text-align: justify;\">\n<\/div>\n<div style=\"text-align: justify;\">\nNa pauta: O&nbsp;novo formato do S\u00e3o Jo\u00e3o 2017<\/div>\n<div style=\"text-align: justify;\">\n&nbsp; &nbsp; &nbsp; &nbsp; &nbsp; &nbsp; &nbsp; &nbsp; Os cach\u00eas dos Artistas<\/div>\n<p><\/p>\n<div style=\"text-align: justify;\">\n&nbsp; &nbsp; &nbsp; &nbsp; &nbsp; &nbsp; &nbsp; &nbsp; A grade dos P\u00f3los<\/div>\n<p><\/p>\n<div style=\"text-align: justify;\">\n&nbsp; &nbsp; &nbsp; &nbsp; &nbsp; &nbsp; &nbsp; &nbsp; As Comidas Gigantes<\/div>\n<p><\/p>\n<div style=\"text-align: justify;\">\n&nbsp; &nbsp; &nbsp; &nbsp; &nbsp; &nbsp; &nbsp; &nbsp; Escrit\u00f3rio Personalizado da Fundarpe em Caruaru&nbsp;<\/div>\n<div style=\"text-align: justify;\">\n&nbsp; &nbsp; &nbsp; &nbsp; &nbsp; &nbsp; &nbsp; &nbsp; Valoriza\u00e7\u00e3o do Artista Local.<\/p>\n<div class=\"separator\" style=\"clear: both; text-align: center;\">\n<a href=\"http:\/\/blogdoedvaldomagalhaes.com.br\/wp-content\/uploads\/2017\/03\/pizza-1.jpg\" imageanchor=\"1\" style=\"clear: left; float: left; margin-bottom: 1em; margin-right: 1em;\"><img decoding=\"async\" border=\"0\" src=\"http:\/\/blogdoedvaldomagalhaes.com.br\/wp-content\/uploads\/2017\/03\/pizza-1.jpg\" \/><\/a><\/div>\n<p><\/div>\n","protected":false},"excerpt":{"rendered":"<p>Na pr\u00f3xima quarta-feira (22) ser\u00e1 realizada uma Audi\u00eancia P\u00fablica no plen\u00e1rio da C\u00e2mara Municipal de Caruaru, a partir das 9h&hellip;<\/p>\n","protected":false},"author":1,"featured_media":0,"comment_status":"open","ping_status":"open","sticky":false,"template":"","format":"standard","meta":{"footnotes":""},"categories":[1],"tags":[992,6,8745],"class_list":["post-6476","post","type-post","status-publish","format-standard","hentry","category-sem-categoria","tag-blog-do-edvaldo-do-magalhaes","tag-noticias","tag-novo-formato-do-sao-joao-de-caruaru-sera-debatido-em-audiencia-publica-na-camara"],"_links":{"self":[{"href":"https:\/\/blogdoedvaldomagalhaes.com.br\/index.php\/wp-json\/wp\/v2\/posts\/6476","targetHints":{"allow":["GET"]}}],"collection":[{"href":"https:\/\/blogdoedvaldomagalhaes.com.br\/index.php\/wp-json\/wp\/v2\/posts"}],"about":[{"href":"https:\/\/blogdoedvaldomagalhaes.com.br\/index.php\/wp-json\/wp\/v2\/types\/post"}],"author":[{"embeddable":true,"href":"https:\/\/blogdoedvaldomagalhaes.com.br\/index.php\/wp-json\/wp\/v2\/users\/1"}],"replies":[{"embeddable":true,"href":"https:\/\/blogdoedvaldomagalhaes.com.br\/index.php\/wp-json\/wp\/v2\/comments?post=6476"}],"version-history":[{"count":1,"href":"https:\/\/blogdoedvaldomagalhaes.com.br\/index.php\/wp-json\/wp\/v2\/posts\/6476\/revisions"}],"predecessor-version":[{"id":17937,"href":"https:\/\/blogdoedvaldomagalhaes.com.br\/index.php\/wp-json\/wp\/v2\/posts\/6476\/revisions\/17937"}],"wp:attachment":[{"href":"https:\/\/blogdoedvaldomagalhaes.com.br\/index.php\/wp-json\/wp\/v2\/media?parent=6476"}],"wp:term":[{"taxonomy":"category","embeddable":true,"href":"https:\/\/blogdoedvaldomagalhaes.com.br\/index.php\/wp-json\/wp\/v2\/categories?post=6476"},{"taxonomy":"post_tag","embeddable":true,"href":"https:\/\/blogdoedvaldomagalhaes.com.br\/index.php\/wp-json\/wp\/v2\/tags?post=6476"}],"curies":[{"name":"wp","href":"https:\/\/api.w.org\/{rel}","templated":true}]}}