{"id":6475,"date":"2017-03-20T18:35:00","date_gmt":"2017-03-20T21:35:00","guid":{"rendered":"http:\/\/blogdoedvaldomagalhaes.com.br\/index.php\/2017\/03\/20\/procon-alerta-para-mudancas-no-cartao-2\/"},"modified":"2019-02-09T01:20:45","modified_gmt":"2019-02-09T03:20:45","slug":"procon-alerta-para-mudancas-no-cartao-2","status":"publish","type":"post","link":"https:\/\/blogdoedvaldomagalhaes.com.br\/index.php\/2017\/03\/20\/procon-alerta-para-mudancas-no-cartao-2\/","title":{"rendered":"Procon alerta para mudan\u00e7as no Cart\u00e3o de Cr\u00e9dito"},"content":{"rendered":"<div class=\"separator\" style=\"clear: both; text-align: center;\">\n<a href=\"https:\/\/1.bp.blogspot.com\/-mntYKRy-3l0\/WNAg1I4MXuI\/AAAAAAAAR6g\/Cmfr6ux8_zgYVt97jiKuKSPK4LVSk9k3QCLcB\/s1600\/procon.jpg\" imageanchor=\"1\" style=\"margin-left: 1em; margin-right: 1em;\"><img loading=\"lazy\" decoding=\"async\" border=\"0\" height=\"207\" src=\"http:\/\/blogdoedvaldomagalhaes.com.br\/wp-content\/uploads\/2017\/03\/procon.jpg\" width=\"400\" \/><\/a><\/div>\n<div align=\"center\" class=\"MsoNormal\" style=\"text-align: center;\">\n<\/div>\n<div align=\"center\" class=\"MsoNormal\" style=\"text-align: center;\">\n<b><br \/><\/b><\/div>\n<div class=\"MsoNormal\" style=\"text-align: justify;\">\nPara<br \/>\nbaixar os juros do cart\u00e3o de cr\u00e9dito, o governo determinou aos bancos que a<br \/>\npartir do dia 3 de abril limitem o uso do rotativo por 30 dias.<\/div>\n<p><\/p>\n<div class=\"MsoNormal\" style=\"text-align: justify;\">\nPelas<br \/>\nnovas regras, os clientes poder\u00e3o ficar no rotativo, que tem as maiores taxas<br \/>\ndo mercado, somente at\u00e9 a data da liquida\u00e7\u00e3o da pr\u00f3xima fatura. Se a d\u00edvida n\u00e3o<br \/>\nfor paga, ela ter\u00e1 de ser transferida para outra modalidade de cr\u00e9dito, como o<br \/>\nparcelado no cart\u00e3o, que possui custo menor.<\/p>\n<div class=\"separator\" style=\"clear: both; text-align: center;\">\n<a href=\"http:\/\/blogdoedvaldomagalhaes.com.br\/wp-content\/uploads\/2017\/03\/4-C393tica-16.jpg\" imageanchor=\"1\" style=\"clear: left; float: left; margin-bottom: 1em; margin-right: 1em;\"><img decoding=\"async\" border=\"0\" src=\"http:\/\/blogdoedvaldomagalhaes.com.br\/wp-content\/uploads\/2017\/03\/4-C393tica-16.jpg\" \/><\/a><\/div>\n<\/div>\n","protected":false},"excerpt":{"rendered":"<p>Para baixar os juros do cart\u00e3o de cr\u00e9dito, o governo determinou aos bancos que a partir do dia 3 de&hellip;<\/p>\n","protected":false},"author":1,"featured_media":0,"comment_status":"open","ping_status":"open","sticky":false,"template":"","format":"standard","meta":{"footnotes":""},"categories":[1],"tags":[992,6,8552],"class_list":["post-6475","post","type-post","status-publish","format-standard","hentry","category-sem-categoria","tag-blog-do-edvaldo-do-magalhaes","tag-noticias","tag-procon-alerta-para-mudancas-no-cartao-de-credito"],"_links":{"self":[{"href":"https:\/\/blogdoedvaldomagalhaes.com.br\/index.php\/wp-json\/wp\/v2\/posts\/6475","targetHints":{"allow":["GET"]}}],"collection":[{"href":"https:\/\/blogdoedvaldomagalhaes.com.br\/index.php\/wp-json\/wp\/v2\/posts"}],"about":[{"href":"https:\/\/blogdoedvaldomagalhaes.com.br\/index.php\/wp-json\/wp\/v2\/types\/post"}],"author":[{"embeddable":true,"href":"https:\/\/blogdoedvaldomagalhaes.com.br\/index.php\/wp-json\/wp\/v2\/users\/1"}],"replies":[{"embeddable":true,"href":"https:\/\/blogdoedvaldomagalhaes.com.br\/index.php\/wp-json\/wp\/v2\/comments?post=6475"}],"version-history":[{"count":1,"href":"https:\/\/blogdoedvaldomagalhaes.com.br\/index.php\/wp-json\/wp\/v2\/posts\/6475\/revisions"}],"predecessor-version":[{"id":17940,"href":"https:\/\/blogdoedvaldomagalhaes.com.br\/index.php\/wp-json\/wp\/v2\/posts\/6475\/revisions\/17940"}],"wp:attachment":[{"href":"https:\/\/blogdoedvaldomagalhaes.com.br\/index.php\/wp-json\/wp\/v2\/media?parent=6475"}],"wp:term":[{"taxonomy":"category","embeddable":true,"href":"https:\/\/blogdoedvaldomagalhaes.com.br\/index.php\/wp-json\/wp\/v2\/categories?post=6475"},{"taxonomy":"post_tag","embeddable":true,"href":"https:\/\/blogdoedvaldomagalhaes.com.br\/index.php\/wp-json\/wp\/v2\/tags?post=6475"}],"curies":[{"name":"wp","href":"https:\/\/api.w.org\/{rel}","templated":true}]}}