{"id":6474,"date":"2017-03-20T18:48:00","date_gmt":"2017-03-20T21:48:00","guid":{"rendered":"http:\/\/blogdoedvaldomagalhaes.com.br\/index.php\/2017\/03\/20\/confira-programacao-do-dia\/"},"modified":"2019-02-09T01:20:46","modified_gmt":"2019-02-09T03:20:46","slug":"confira-programacao-do-dia","status":"publish","type":"post","link":"https:\/\/blogdoedvaldomagalhaes.com.br\/index.php\/2017\/03\/20\/confira-programacao-do-dia\/","title":{"rendered":"Confira a programa\u00e7\u00e3o do Dia Internacional Pela Elimina\u00e7\u00e3o da Discrimina\u00e7\u00e3o Racial em Caruaru"},"content":{"rendered":"<div class=\"separator\" style=\"clear: both; text-align: center;\">\n<a href=\"https:\/\/1.bp.blogspot.com\/-FT70_zECbus\/WNAj4qPBAUI\/AAAAAAAAR6w\/rCWgRegcpFIwb2ZrHDDnqJBvUz7CThfwQCLcB\/s1600\/dia.gif\" imageanchor=\"1\" style=\"margin-left: 1em; margin-right: 1em;\"><img loading=\"lazy\" decoding=\"async\" border=\"0\" height=\"340\" src=\"http:\/\/blogdoedvaldomagalhaes.com.br\/wp-content\/uploads\/2017\/03\/dia.gif\" width=\"400\" \/><\/a><\/div>\n<div style=\"background-color: #fcfcfc; border: 0px; box-sizing: border-box; font-stretch: inherit; font-variant-numeric: inherit; line-height: inherit; margin-bottom: 10px; padding: 0px; text-align: justify; vertical-align: baseline;\">\n<\/div>\n<div style=\"background-color: #fcfcfc; border: 0px; box-sizing: border-box; font-stretch: inherit; font-variant-numeric: inherit; line-height: inherit; margin-bottom: 10px; padding: 0px; text-align: justify; vertical-align: baseline;\">\nEm comemora\u00e7\u00e3o ao Dia Internacional Pela Elimina\u00e7\u00e3o da Discrimina\u00e7\u00e3o Racial, nesta ter\u00e7a-feira (21), &nbsp;a partir das 8h haver\u00e1&nbsp;conta\u00e7\u00e3o de hist\u00f3rias nas escolas municipais Joel Pontes e CAIC. Durante o encontro os estudantes conhecer\u00e3o um pouco mais sobre o Cabelo de Lel\u00ea e Mandiba \u2013 O Menino Africano.&nbsp; Ainda pela manh\u00e3, a jornalista Renata Ara\u00fajo apresentar\u00e1 o projeto Cabelo Crespo, a Raiz da Identidade, na sede da Secretaria da Mulher que fica localizada na Rua Padre Rolim, 40, Maur\u00edcio de Nassau.<\/div>\n<div style=\"background-color: #fcfcfc; border: 0px; box-sizing: border-box; font-stretch: inherit; font-variant-numeric: inherit; line-height: inherit; margin-bottom: 10px; padding: 0px; text-align: justify; vertical-align: baseline;\">\n\u00c0s 14h, o Cinedebate exibir\u00e1 os document\u00e1rios: A jornada do DNA \u2013 the DNA Journey Legendado; Brasil \u2013 DNA \u00c1frica (promo com legenda) e Larissa Luz \u2013 Bonecas Pretas.<\/div>\n<div style=\"background-color: #fcfcfc; border: 0px; box-sizing: border-box; font-stretch: inherit; font-variant-numeric: inherit; line-height: inherit; margin-bottom: 10px; padding: 0px; text-align: justify; vertical-align: baseline;\">\n\u00c0 noite, a partir das 19h, ter\u00e1 Mesa Redonda composta pela secret\u00e1ria de Pol\u00edticas para Mulheres, Perp\u00e9tua Dantas; tamb\u00e9m pela advogada e presidente do coletivo Afro Il\u00ea D\u00e2ndara, Lucimary Passos; a pedagoga e fundadora do N\u00facleo de Estudos Afro D\u00e2ndara dos Palmares, Tereza Raquel; a Yalorix\u00e1 M\u00e3e Jucimar de Iemanj\u00e1; al\u00e9m da Secret\u00e1ria Executiva de Direitos Humanos, Ana Dourado.<\/p>\n<div class=\"separator\" style=\"clear: both; text-align: center;\">\n<a href=\"http:\/\/blogdoedvaldomagalhaes.com.br\/wp-content\/uploads\/2017\/03\/5-Saga-16.jpg\" imageanchor=\"1\" style=\"clear: left; float: left; margin-bottom: 1em; margin-right: 1em;\"><img decoding=\"async\" border=\"0\" src=\"http:\/\/blogdoedvaldomagalhaes.com.br\/wp-content\/uploads\/2017\/03\/5-Saga-16.jpg\" \/><\/a><\/div>\n<p><\/div>\n","protected":false},"excerpt":{"rendered":"<p>Em comemora\u00e7\u00e3o ao Dia Internacional Pela Elimina\u00e7\u00e3o da Discrimina\u00e7\u00e3o Racial, nesta ter\u00e7a-feira (21), &nbsp;a partir das 8h haver\u00e1&nbsp;conta\u00e7\u00e3o de hist\u00f3rias&hellip;<\/p>\n","protected":false},"author":1,"featured_media":0,"comment_status":"open","ping_status":"open","sticky":false,"template":"","format":"standard","meta":{"footnotes":""},"categories":[1],"tags":[992,8743,8744,7056,6],"class_list":["post-6474","post","type-post","status-publish","format-standard","hentry","category-sem-categoria","tag-blog-do-edvaldo-do-magalhaes","tag-caic","tag-confira-a-programacao-do-dia-internacional-pela-eliminacao-da-discriminacao-racial-em-caruaru","tag-escola-municipal-joel-pontes","tag-noticias"],"_links":{"self":[{"href":"https:\/\/blogdoedvaldomagalhaes.com.br\/index.php\/wp-json\/wp\/v2\/posts\/6474","targetHints":{"allow":["GET"]}}],"collection":[{"href":"https:\/\/blogdoedvaldomagalhaes.com.br\/index.php\/wp-json\/wp\/v2\/posts"}],"about":[{"href":"https:\/\/blogdoedvaldomagalhaes.com.br\/index.php\/wp-json\/wp\/v2\/types\/post"}],"author":[{"embeddable":true,"href":"https:\/\/blogdoedvaldomagalhaes.com.br\/index.php\/wp-json\/wp\/v2\/users\/1"}],"replies":[{"embeddable":true,"href":"https:\/\/blogdoedvaldomagalhaes.com.br\/index.php\/wp-json\/wp\/v2\/comments?post=6474"}],"version-history":[{"count":1,"href":"https:\/\/blogdoedvaldomagalhaes.com.br\/index.php\/wp-json\/wp\/v2\/posts\/6474\/revisions"}],"predecessor-version":[{"id":17943,"href":"https:\/\/blogdoedvaldomagalhaes.com.br\/index.php\/wp-json\/wp\/v2\/posts\/6474\/revisions\/17943"}],"wp:attachment":[{"href":"https:\/\/blogdoedvaldomagalhaes.com.br\/index.php\/wp-json\/wp\/v2\/media?parent=6474"}],"wp:term":[{"taxonomy":"category","embeddable":true,"href":"https:\/\/blogdoedvaldomagalhaes.com.br\/index.php\/wp-json\/wp\/v2\/categories?post=6474"},{"taxonomy":"post_tag","embeddable":true,"href":"https:\/\/blogdoedvaldomagalhaes.com.br\/index.php\/wp-json\/wp\/v2\/tags?post=6474"}],"curies":[{"name":"wp","href":"https:\/\/api.w.org\/{rel}","templated":true}]}}