{"id":64696,"date":"2020-12-12T14:48:04","date_gmt":"2020-12-12T17:48:04","guid":{"rendered":"https:\/\/blogdoedvaldomagalhaes.com.br\/?p=64696"},"modified":"2020-12-12T14:49:31","modified_gmt":"2020-12-12T17:49:31","slug":"pernambuco-confirma-1-363-novos-casos-da-covid-19-e-27-mortes","status":"publish","type":"post","link":"https:\/\/blogdoedvaldomagalhaes.com.br\/index.php\/2020\/12\/12\/pernambuco-confirma-1-363-novos-casos-da-covid-19-e-27-mortes\/","title":{"rendered":"Pernambuco confirma 1.363 novos casos da Covid-19 e 27 mortes"},"content":{"rendered":"<p style=\"text-align: justify;\">A Secretaria Estadual de Sa\u00fade (SES-PE) registrou, neste s\u00e1bado (12\/12), 1.363 novos casos da Covid-19. Entre os confirmados hoje, 38 (3%) s\u00e3o casos de S\u00edndrome Respirat\u00f3ria Aguda Grave (SRAG) e 1.325 (97%) s\u00e3o leves, ou seja, pacientes que n\u00e3o demandaram internamento hospitalar e que j\u00e1 estavam curados, ou na fase final da doen\u00e7a. Agora, Pernambuco totaliza 198.426 casos confirmados da doen\u00e7a, sendo 28.582 graves e 169.844 leves.<\/p>\n<p style=\"text-align: justify;\">Tamb\u00e9m foram confirmados 27 \u00f3bitos, ocorridos entre os dias 12\/09 e 11\/12. Com isso, o Estado totaliza 9.271 mortes pela Covid-19. Os detalhes epidemiol\u00f3gicos ser\u00e3o repassados ao longo do dia pela Secretaria Estadual de Sa\u00fade.<\/p>\n","protected":false},"excerpt":{"rendered":"<p>A Secretaria Estadual de Sa\u00fade (SES-PE) registrou, neste s\u00e1bado (12\/12), 1.363 novos casos da Covid-19. Entre os confirmados hoje, 38&hellip;<\/p>\n","protected":false},"author":1,"featured_media":64697,"comment_status":"open","ping_status":"open","sticky":false,"template":"","format":"standard","meta":{"footnotes":""},"categories":[14120],"tags":[2,19418,19670,20353],"class_list":["post-64696","post","type-post","status-publish","format-standard","has-post-thumbnail","hentry","category-noticias","tag-blog-do-edvaldo-magalhaes","tag-blog-mais-acessado-de-caruaru-e-regiao","tag-novo-coronavirus","tag-pernambuco-confirma-1-363-novos-casos-da-covid-19-e-27-mortes"],"_links":{"self":[{"href":"https:\/\/blogdoedvaldomagalhaes.com.br\/index.php\/wp-json\/wp\/v2\/posts\/64696","targetHints":{"allow":["GET"]}}],"collection":[{"href":"https:\/\/blogdoedvaldomagalhaes.com.br\/index.php\/wp-json\/wp\/v2\/posts"}],"about":[{"href":"https:\/\/blogdoedvaldomagalhaes.com.br\/index.php\/wp-json\/wp\/v2\/types\/post"}],"author":[{"embeddable":true,"href":"https:\/\/blogdoedvaldomagalhaes.com.br\/index.php\/wp-json\/wp\/v2\/users\/1"}],"replies":[{"embeddable":true,"href":"https:\/\/blogdoedvaldomagalhaes.com.br\/index.php\/wp-json\/wp\/v2\/comments?post=64696"}],"version-history":[{"count":1,"href":"https:\/\/blogdoedvaldomagalhaes.com.br\/index.php\/wp-json\/wp\/v2\/posts\/64696\/revisions"}],"predecessor-version":[{"id":64698,"href":"https:\/\/blogdoedvaldomagalhaes.com.br\/index.php\/wp-json\/wp\/v2\/posts\/64696\/revisions\/64698"}],"wp:featuredmedia":[{"embeddable":true,"href":"https:\/\/blogdoedvaldomagalhaes.com.br\/index.php\/wp-json\/wp\/v2\/media\/64697"}],"wp:attachment":[{"href":"https:\/\/blogdoedvaldomagalhaes.com.br\/index.php\/wp-json\/wp\/v2\/media?parent=64696"}],"wp:term":[{"taxonomy":"category","embeddable":true,"href":"https:\/\/blogdoedvaldomagalhaes.com.br\/index.php\/wp-json\/wp\/v2\/categories?post=64696"},{"taxonomy":"post_tag","embeddable":true,"href":"https:\/\/blogdoedvaldomagalhaes.com.br\/index.php\/wp-json\/wp\/v2\/tags?post=64696"}],"curies":[{"name":"wp","href":"https:\/\/api.w.org\/{rel}","templated":true}]}}