{"id":6461,"date":"2017-03-21T23:17:00","date_gmt":"2017-03-22T02:17:00","guid":{"rendered":"http:\/\/blogdoedvaldomagalhaes.com.br\/index.php\/2017\/03\/21\/estudantes-de-escola-municipal-de\/"},"modified":"2019-02-09T01:20:53","modified_gmt":"2019-02-09T03:20:53","slug":"estudantes-de-escola-municipal-de","status":"publish","type":"post","link":"https:\/\/blogdoedvaldomagalhaes.com.br\/index.php\/2017\/03\/21\/estudantes-de-escola-municipal-de\/","title":{"rendered":"Estudantes de Escola Municipal de Caruaru recebem diploma de formatura do Proerd"},"content":{"rendered":"<div class=\"separator\" style=\"clear: both; text-align: center;\">\n<\/div>\n<div class=\"separator\" style=\"clear: both; text-align: center;\">\n<a href=\"https:\/\/4.bp.blogspot.com\/-ZgDgxqI9OEo\/WNGzkAABg0I\/AAAAAAAASB0\/hYUCRTI0pxYVJGatX8D7tDC2wqelt0RQACLcB\/s1600\/escola.jpg\" imageanchor=\"1\" style=\"margin-left: 1em; margin-right: 1em;\"><img loading=\"lazy\" decoding=\"async\" border=\"0\" height=\"226\" src=\"http:\/\/blogdoedvaldomagalhaes.com.br\/wp-content\/uploads\/2017\/03\/escola.jpg\" width=\"400\" \/><\/a><\/div>\n<div class=\"separator\" style=\"clear: both; text-align: center;\">\nFotos ilustrativa<\/div>\n<div class=\"MsoNormal\" style=\"background-clip: initial; background-image: initial; background-origin: initial; background-position: initial; background-repeat: initial; background-size: initial; line-height: normal; margin-bottom: 0.0001pt; text-align: justify;\">\n<\/div>\n<div class=\"MsoNormal\" style=\"background-clip: initial; background-image: initial; background-origin: initial; background-position: initial; background-repeat: initial; background-size: initial; line-height: normal; margin-bottom: 0.0001pt; text-align: justify;\">\nCerca de<br \/>\n550 estudantes da Escola de Tempo Integral Altair Porto receber\u00e3o o diploma de&nbsp;formatura&nbsp;do&nbsp;Proerd&nbsp;&#8211; Programa Educacional de Resist\u00eancia \u00e0s Drogas, nesta quarta-feira, 22.&nbsp;<\/div>\n<div class=\"MsoNormal\" style=\"background-clip: initial; background-image: initial; background-origin: initial; background-position: initial; background-repeat: initial; background-size: initial; line-height: normal; margin-bottom: 0.0001pt; text-align: justify;\">\n<\/div>\n<div class=\"MsoNormal\" style=\"background-clip: initial; background-image: initial; background-origin: initial; background-position: initial; background-repeat: initial; background-size: initial; line-height: normal; margin-bottom: 0.0001pt; text-align: justify;\">\nDurante as<br \/>\naulas, que foram ministradas por Policiais Militares em parceria com os<br \/>\nprofessores da Secretaria de Educa\u00e7\u00e3o, crian\u00e7as&nbsp;do&nbsp;2\u00b0 ao 4\u00b0&nbsp;do&nbsp;Ensino Fundamental aprenderam como se prevenir sobre o uso indevido de<br \/>\nentorpecentes, a reconhecer as press\u00f5es e a influ\u00eancias cotidianas para o uso das<br \/>\ndrogas e pratiquem a viol\u00eancia, al\u00e9m tamb\u00e9m de receber orienta\u00e7\u00f5es de conscientiza\u00e7\u00e3o<br \/>\nsobre a gravidade do bulling.<\/div>\n<div class=\"MsoNormal\" style=\"background-clip: initial; background-image: initial; background-origin: initial; background-position: initial; background-repeat: initial; background-size: initial; line-height: normal; margin-bottom: 0.0001pt; text-align: justify;\">\n<\/div>\n<div class=\"MsoNormal\" style=\"background-clip: initial; background-image: initial; background-origin: initial; background-position: initial; background-repeat: initial; background-size: initial; line-height: normal; margin-bottom: 0.0001pt; text-align: justify;\">\nA<br \/>\nsolenidade acontecer\u00e1 na sede da Escola de Tempo Integral Altair Porto, a<br \/>\npartir das 9h30 e contar\u00e1 com a participa\u00e7\u00e3o da Prefeita Raquel Lyra e do<br \/>\nSecret\u00e1rio de Educa\u00e7\u00e3o Rubenildo Moura.<\/div>\n<div class=\"MsoNormal\" style=\"background-clip: initial; background-image: initial; background-origin: initial; background-position: initial; background-repeat: initial; background-size: initial; line-height: normal; margin-bottom: 0.0001pt; text-align: justify;\">\n<\/div>\n<div class=\"MsoNormal\" style=\"background-clip: initial; background-image: initial; background-origin: initial; background-position: initial; background-repeat: initial; background-size: initial; line-height: normal; margin-bottom: 0.0001pt; text-align: justify;\">\nEm<br \/>\nCaruaru, de 2011 at\u00e9 agora, foram formados aproximadamente 27.500 alunos.<\/p>\n<div class=\"separator\" style=\"clear: both; text-align: center;\">\n<a href=\"http:\/\/blogdoedvaldomagalhaes.com.br\/wp-content\/uploads\/2017\/03\/2-SISMUC-13.jpg\" imageanchor=\"1\" style=\"clear: left; float: left; margin-bottom: 1em; margin-right: 1em;\"><img decoding=\"async\" border=\"0\" src=\"http:\/\/blogdoedvaldomagalhaes.com.br\/wp-content\/uploads\/2017\/03\/2-SISMUC-13.jpg\" \/><\/a><\/div>\n<p><\/div>\n","protected":false},"excerpt":{"rendered":"<p>Fotos ilustrativa Cerca de 550 estudantes da Escola de Tempo Integral Altair Porto receber\u00e3o o diploma de&nbsp;formatura&nbsp;do&nbsp;Proerd&nbsp;&#8211; Programa Educacional de&hellip;<\/p>\n","protected":false},"author":1,"featured_media":0,"comment_status":"open","ping_status":"open","sticky":false,"template":"","format":"standard","meta":{"footnotes":""},"categories":[1],"tags":[992,8721,8722,6,1229,4526],"class_list":["post-6461","post","type-post","status-publish","format-standard","hentry","category-sem-categoria","tag-blog-do-edvaldo-do-magalhaes","tag-escola-de-tempo-integral-altair-porto","tag-estudantes-de-escola-municipal-de-caruaru-recebem-diploma-de-formatura-do-proerd","tag-noticias","tag-raquel-lyra","tag-rubenildo-moura"],"_links":{"self":[{"href":"https:\/\/blogdoedvaldomagalhaes.com.br\/index.php\/wp-json\/wp\/v2\/posts\/6461","targetHints":{"allow":["GET"]}}],"collection":[{"href":"https:\/\/blogdoedvaldomagalhaes.com.br\/index.php\/wp-json\/wp\/v2\/posts"}],"about":[{"href":"https:\/\/blogdoedvaldomagalhaes.com.br\/index.php\/wp-json\/wp\/v2\/types\/post"}],"author":[{"embeddable":true,"href":"https:\/\/blogdoedvaldomagalhaes.com.br\/index.php\/wp-json\/wp\/v2\/users\/1"}],"replies":[{"embeddable":true,"href":"https:\/\/blogdoedvaldomagalhaes.com.br\/index.php\/wp-json\/wp\/v2\/comments?post=6461"}],"version-history":[{"count":1,"href":"https:\/\/blogdoedvaldomagalhaes.com.br\/index.php\/wp-json\/wp\/v2\/posts\/6461\/revisions"}],"predecessor-version":[{"id":17990,"href":"https:\/\/blogdoedvaldomagalhaes.com.br\/index.php\/wp-json\/wp\/v2\/posts\/6461\/revisions\/17990"}],"wp:attachment":[{"href":"https:\/\/blogdoedvaldomagalhaes.com.br\/index.php\/wp-json\/wp\/v2\/media?parent=6461"}],"wp:term":[{"taxonomy":"category","embeddable":true,"href":"https:\/\/blogdoedvaldomagalhaes.com.br\/index.php\/wp-json\/wp\/v2\/categories?post=6461"},{"taxonomy":"post_tag","embeddable":true,"href":"https:\/\/blogdoedvaldomagalhaes.com.br\/index.php\/wp-json\/wp\/v2\/tags?post=6461"}],"curies":[{"name":"wp","href":"https:\/\/api.w.org\/{rel}","templated":true}]}}