{"id":6460,"date":"2017-03-21T23:39:00","date_gmt":"2017-03-22T02:39:00","guid":{"rendered":"http:\/\/blogdoedvaldomagalhaes.com.br\/index.php\/2017\/03\/21\/reajuste-salarial-para-comerciarios-de\/"},"modified":"2019-02-09T01:20:53","modified_gmt":"2019-02-09T03:20:53","slug":"reajuste-salarial-para-comerciarios-de","status":"publish","type":"post","link":"https:\/\/blogdoedvaldomagalhaes.com.br\/index.php\/2017\/03\/21\/reajuste-salarial-para-comerciarios-de\/","title":{"rendered":"Reajuste salarial para comerci\u00e1rios de Caruaru ser\u00e1 definido em rodada de negocia\u00e7\u00e3o entre Sindecc e Sindloja"},"content":{"rendered":"<p><\/p>\n<div style=\"text-align: center;\">\n<div class=\"separator\" style=\"clear: both; text-align: center;\">\n<a href=\"https:\/\/1.bp.blogspot.com\/-f2JB8KGp80s\/WNG5qaCL3ZI\/AAAAAAAASCQ\/VYVYO22ZbJIq544zU1SNdYrrHXxKjO9KACLcB\/s1600\/rodada.jpg\" imageanchor=\"1\" style=\"margin-left: 1em; margin-right: 1em;\"><img loading=\"lazy\" decoding=\"async\" border=\"0\" height=\"265\" src=\"http:\/\/blogdoedvaldomagalhaes.com.br\/wp-content\/uploads\/2017\/03\/rodada.jpg\" width=\"400\" \/><\/a><\/div>\n<div class=\"separator\" style=\"clear: both; text-align: center;\">\nFoto ilustrativa<\/div>\n<div class=\"separator\" style=\"clear: both; text-align: center;\">\n<\/div>\n<div style=\"margin-bottom: 6px; margin-top: 6px; text-align: justify;\">\nNa tarde da pr\u00f3xima sexta-feira (24) ser\u00e1 realizada na sede do Minist\u00e9rio do Trabalho de Caruaru, na rua C\u00f4nego J\u00falio Cabral 157, no bairro Maur\u00edcio de Nassau, mais uma rodada de negocia\u00e7\u00e3o entre o Sindicato dos Lojistas de Caruaru (Sindloja) e o Sindicato dos Comerci\u00e1rios de Caruaru (Sindecc), esta ser\u00e1 a mais importante reuni\u00e3o dentro do processo de Negocia\u00e7\u00e3o Coletiva de Trabalho 2017. Na \u00faltima reuni\u00e3o, o Sindecc colocou em mesa uma proposta de R$ 1.040,00 para o piso e um reajuste<br \/>\n de 8% para quem ganha acima do piso. Os patr\u00f5es ficaram de apreciar.<\/p>\n<div class=\"separator\" style=\"clear: both; text-align: center;\">\n<a href=\"http:\/\/blogdoedvaldomagalhaes.com.br\/wp-content\/uploads\/2017\/03\/3-PizzaFC3A1cil-5.jpg\" imageanchor=\"1\" style=\"clear: left; float: left; margin-bottom: 1em; margin-right: 1em;\"><img decoding=\"async\" border=\"0\" src=\"http:\/\/blogdoedvaldomagalhaes.com.br\/wp-content\/uploads\/2017\/03\/3-PizzaFC3A1cil-5.jpg\" \/><\/a><\/div>\n<p><\/div>\n<div class=\"x_m_-4741030187210010790gmail-text_exposed_show\" style=\"display: inline; text-align: start;\">\n<p><\/p>\n<div style=\"margin-bottom: 6px; text-align: justify;\">\n<\/div>\n<\/div>\n<\/div>\n","protected":false},"excerpt":{"rendered":"<p>Foto ilustrativa Na tarde da pr\u00f3xima sexta-feira (24) ser\u00e1 realizada na sede do Minist\u00e9rio do Trabalho de Caruaru, na rua&hellip;<\/p>\n","protected":false},"author":1,"featured_media":0,"comment_status":"open","ping_status":"open","sticky":false,"template":"","format":"standard","meta":{"footnotes":""},"categories":[1],"tags":[992,6,8720],"class_list":["post-6460","post","type-post","status-publish","format-standard","hentry","category-sem-categoria","tag-blog-do-edvaldo-do-magalhaes","tag-noticias","tag-reajuste-salarial-para-comerciarios-sera-definido-em-rodada-de-negociacao-entre-sindecc-e-sindloja"],"_links":{"self":[{"href":"https:\/\/blogdoedvaldomagalhaes.com.br\/index.php\/wp-json\/wp\/v2\/posts\/6460","targetHints":{"allow":["GET"]}}],"collection":[{"href":"https:\/\/blogdoedvaldomagalhaes.com.br\/index.php\/wp-json\/wp\/v2\/posts"}],"about":[{"href":"https:\/\/blogdoedvaldomagalhaes.com.br\/index.php\/wp-json\/wp\/v2\/types\/post"}],"author":[{"embeddable":true,"href":"https:\/\/blogdoedvaldomagalhaes.com.br\/index.php\/wp-json\/wp\/v2\/users\/1"}],"replies":[{"embeddable":true,"href":"https:\/\/blogdoedvaldomagalhaes.com.br\/index.php\/wp-json\/wp\/v2\/comments?post=6460"}],"version-history":[{"count":1,"href":"https:\/\/blogdoedvaldomagalhaes.com.br\/index.php\/wp-json\/wp\/v2\/posts\/6460\/revisions"}],"predecessor-version":[{"id":17993,"href":"https:\/\/blogdoedvaldomagalhaes.com.br\/index.php\/wp-json\/wp\/v2\/posts\/6460\/revisions\/17993"}],"wp:attachment":[{"href":"https:\/\/blogdoedvaldomagalhaes.com.br\/index.php\/wp-json\/wp\/v2\/media?parent=6460"}],"wp:term":[{"taxonomy":"category","embeddable":true,"href":"https:\/\/blogdoedvaldomagalhaes.com.br\/index.php\/wp-json\/wp\/v2\/categories?post=6460"},{"taxonomy":"post_tag","embeddable":true,"href":"https:\/\/blogdoedvaldomagalhaes.com.br\/index.php\/wp-json\/wp\/v2\/tags?post=6460"}],"curies":[{"name":"wp","href":"https:\/\/api.w.org\/{rel}","templated":true}]}}