{"id":64461,"date":"2020-12-06T13:57:45","date_gmt":"2020-12-06T16:57:45","guid":{"rendered":"https:\/\/blogdoedvaldomagalhaes.com.br\/?p=64461"},"modified":"2020-12-06T14:09:13","modified_gmt":"2020-12-06T17:09:13","slug":"feira-da-sulanca-em-caruaru-recebe-milhares-de-compradores-neste-domingo-6","status":"publish","type":"post","link":"https:\/\/blogdoedvaldomagalhaes.com.br\/index.php\/2020\/12\/06\/feira-da-sulanca-em-caruaru-recebe-milhares-de-compradores-neste-domingo-6\/","title":{"rendered":"Feira da Sulanca em Caruaru recebe milhares de compradores neste domingo (6)"},"content":{"rendered":"<p style=\"text-align: justify;\">A Feira da Sulanca em Caruaru, recebeu milhares de compradores neste domingo (06), superando as expectativas de vendas para a primeira feira no m\u00eas de dezembro. As fotos mostram a grande movimenta\u00e7\u00e3o comercial no setor da Fundac. A feira vai funcionar aos domingos e segundas-feiras, durante todo este m\u00eas de dezembro.&nbsp; De acordo com Pedro&nbsp; Moura, presidente da Associa\u00e7\u00e3o dos Sulanqueiros, a expectativa \u00e9 de que o dia mais movimentado seja o domingo (20), que marca o \u00faltimo fim de semana antes do Natal.<\/p>\n<p style=\"text-align: justify;\">As medidas de preven\u00e7\u00e3o contra a Covid-19 continuam sendo tomadas, com uso de m\u00e1scara e uso do \u00e1lcool em gel, em toda extens\u00e3o da feira.<\/p>\n\n\n<figure class=\"wp-block-image size-large\"><img loading=\"lazy\" decoding=\"async\" width=\"461\" height=\"1024\" src=\"https:\/\/blogdoedvaldomagalhaes.com.br\/wp-content\/uploads\/2020\/12\/IMG-20201206-WA0091-461x1024.jpg\" alt=\"\" class=\"wp-image-64464\" srcset=\"https:\/\/blogdoedvaldomagalhaes.com.br\/wp-content\/uploads\/2020\/12\/IMG-20201206-WA0091-461x1024.jpg 461w, https:\/\/blogdoedvaldomagalhaes.com.br\/wp-content\/uploads\/2020\/12\/IMG-20201206-WA0091-135x300.jpg 135w, https:\/\/blogdoedvaldomagalhaes.com.br\/wp-content\/uploads\/2020\/12\/IMG-20201206-WA0091.jpg 576w\" sizes=\"auto, (max-width: 461px) 100vw, 461px\" \/><\/figure>\n\n\n\n<figure class=\"wp-block-image size-large\"><img loading=\"lazy\" decoding=\"async\" width=\"461\" height=\"1024\" src=\"https:\/\/blogdoedvaldomagalhaes.com.br\/wp-content\/uploads\/2020\/12\/IMG-20201206-WA0094-461x1024.jpg\" alt=\"\" class=\"wp-image-64468\" srcset=\"https:\/\/blogdoedvaldomagalhaes.com.br\/wp-content\/uploads\/2020\/12\/IMG-20201206-WA0094-461x1024.jpg 461w, https:\/\/blogdoedvaldomagalhaes.com.br\/wp-content\/uploads\/2020\/12\/IMG-20201206-WA0094-135x300.jpg 135w, https:\/\/blogdoedvaldomagalhaes.com.br\/wp-content\/uploads\/2020\/12\/IMG-20201206-WA0094.jpg 576w\" sizes=\"auto, (max-width: 461px) 100vw, 461px\" \/><\/figure>\n\n\n\n<figure class=\"wp-block-image size-large\"><img loading=\"lazy\" decoding=\"async\" width=\"461\" height=\"1024\" src=\"https:\/\/blogdoedvaldomagalhaes.com.br\/wp-content\/uploads\/2020\/12\/IMG-20201206-WA0092-461x1024.jpg\" alt=\"\" class=\"wp-image-64470\" srcset=\"https:\/\/blogdoedvaldomagalhaes.com.br\/wp-content\/uploads\/2020\/12\/IMG-20201206-WA0092-461x1024.jpg 461w, https:\/\/blogdoedvaldomagalhaes.com.br\/wp-content\/uploads\/2020\/12\/IMG-20201206-WA0092-135x300.jpg 135w, https:\/\/blogdoedvaldomagalhaes.com.br\/wp-content\/uploads\/2020\/12\/IMG-20201206-WA0092.jpg 576w\" sizes=\"auto, (max-width: 461px) 100vw, 461px\" \/><\/figure>\n\n\n\n<figure class=\"wp-block-image size-large\"><img loading=\"lazy\" decoding=\"async\" width=\"461\" height=\"1024\" src=\"https:\/\/blogdoedvaldomagalhaes.com.br\/wp-content\/uploads\/2020\/12\/IMG-20201206-WA0093-461x1024.jpg\" alt=\"\" class=\"wp-image-64471\" srcset=\"https:\/\/blogdoedvaldomagalhaes.com.br\/wp-content\/uploads\/2020\/12\/IMG-20201206-WA0093-461x1024.jpg 461w, https:\/\/blogdoedvaldomagalhaes.com.br\/wp-content\/uploads\/2020\/12\/IMG-20201206-WA0093-135x300.jpg 135w, https:\/\/blogdoedvaldomagalhaes.com.br\/wp-content\/uploads\/2020\/12\/IMG-20201206-WA0093.jpg 576w\" sizes=\"auto, (max-width: 461px) 100vw, 461px\" \/><\/figure>\n","protected":false},"excerpt":{"rendered":"<p>A Feira da Sulanca em Caruaru, recebeu milhares de compradores neste domingo (06), superando as expectativas de vendas para a&hellip;<\/p>\n","protected":false},"author":1,"featured_media":64462,"comment_status":"open","ping_status":"open","sticky":false,"template":"","format":"standard","meta":{"footnotes":""},"categories":[14120],"tags":[2,19418,20303],"class_list":["post-64461","post","type-post","status-publish","format-standard","has-post-thumbnail","hentry","category-noticias","tag-blog-do-edvaldo-magalhaes","tag-blog-mais-acessado-de-caruaru-e-regiao","tag-feira-da-sulanca-em-caruaru-recebe-milhares-de-compradores-neste-domingo-6"],"_links":{"self":[{"href":"https:\/\/blogdoedvaldomagalhaes.com.br\/index.php\/wp-json\/wp\/v2\/posts\/64461","targetHints":{"allow":["GET"]}}],"collection":[{"href":"https:\/\/blogdoedvaldomagalhaes.com.br\/index.php\/wp-json\/wp\/v2\/posts"}],"about":[{"href":"https:\/\/blogdoedvaldomagalhaes.com.br\/index.php\/wp-json\/wp\/v2\/types\/post"}],"author":[{"embeddable":true,"href":"https:\/\/blogdoedvaldomagalhaes.com.br\/index.php\/wp-json\/wp\/v2\/users\/1"}],"replies":[{"embeddable":true,"href":"https:\/\/blogdoedvaldomagalhaes.com.br\/index.php\/wp-json\/wp\/v2\/comments?post=64461"}],"version-history":[{"count":4,"href":"https:\/\/blogdoedvaldomagalhaes.com.br\/index.php\/wp-json\/wp\/v2\/posts\/64461\/revisions"}],"predecessor-version":[{"id":64472,"href":"https:\/\/blogdoedvaldomagalhaes.com.br\/index.php\/wp-json\/wp\/v2\/posts\/64461\/revisions\/64472"}],"wp:featuredmedia":[{"embeddable":true,"href":"https:\/\/blogdoedvaldomagalhaes.com.br\/index.php\/wp-json\/wp\/v2\/media\/64462"}],"wp:attachment":[{"href":"https:\/\/blogdoedvaldomagalhaes.com.br\/index.php\/wp-json\/wp\/v2\/media?parent=64461"}],"wp:term":[{"taxonomy":"category","embeddable":true,"href":"https:\/\/blogdoedvaldomagalhaes.com.br\/index.php\/wp-json\/wp\/v2\/categories?post=64461"},{"taxonomy":"post_tag","embeddable":true,"href":"https:\/\/blogdoedvaldomagalhaes.com.br\/index.php\/wp-json\/wp\/v2\/tags?post=64461"}],"curies":[{"name":"wp","href":"https:\/\/api.w.org\/{rel}","templated":true}]}}