{"id":64444,"date":"2020-12-05T22:14:08","date_gmt":"2020-12-06T01:14:08","guid":{"rendered":"https:\/\/blogdoedvaldomagalhaes.com.br\/?p=64444"},"modified":"2020-12-06T17:13:19","modified_gmt":"2020-12-06T20:13:19","slug":"cantor-genival-lacerda-segue-internado-na-uti","status":"publish","type":"post","link":"https:\/\/blogdoedvaldomagalhaes.com.br\/index.php\/2020\/12\/05\/cantor-genival-lacerda-segue-internado-na-uti\/","title":{"rendered":"Cantor Genival Lacerda segue internado na UTI"},"content":{"rendered":"<p style=\"text-align: justify;\">Circular nas redes sociais uma &#8220;nota de falecimento&#8221; do falsa, dizendo que o cantor Genival Lacerda. Na verdade, o artista de 89 anos, continua internado no Hospital8 Unimed, no Recife, em decorr\u00eancia de complica\u00e7\u00f5es causadas pelo novo coronavirus, e est\u00e1 em estado grave.<\/p>\n<p style=\"text-align: justify;\">A Unimed emitiu um boletim com atualiza\u00e7\u00f5es sobre o estado de sa\u00fade de Genival Lacerda. Leia abaixo.<\/p>\n<p style=\"text-align: justify;\"><em>O Sr. Genival Lacerda encontra-se internadlo na UTI (Unidade de Terapia Intensiva) do Hospital Unimed Recife 1 desde 30\/11\/2020 por infec\u00e7\u00e3o pelo COVID-19. O paciente encontra-se em estado grave, segue intubado, sob uso de assist\u00eancia ventilat\u00f3ria mec\u00e2nica, sedado e est\u00e1vel hemodinamicamente.<\/em><\/p>\n<p style=\"text-align: justify;\"><strong>M\u00e9dica respons\u00e1vel: Dra. Patr\u00edcia Mesquita<\/strong><\/p>\n<p style=\"text-align: justify;\"><strong>Coordenador m\u00e9dico: Dr. Bruno Grangeiro\u00a0<\/strong><\/p>\n<p style=\"text-align: justify;\"><strong>Diretor m\u00e9dico: Dr. Marco Aur\u00e9lio<\/strong><\/p>\n<p style=\"text-align: justify;\">Nota da Assessoria de imprensa Genival\/Jo\u00e3o Lacerda<\/p>\n<p style=\"text-align: justify;\">Virmos atrave\u0301s desta, informar que o cantor Genival Lacerda segue internado na UTI. O estado de sau\u0301de e\u0301 grave, mas esta\u0301vel. Acompanhem as noti\u0301cias atrave\u0301s da assessoria da artista que diariamente atualiza o quadro cli\u0301nico. Qualquer intercorre\u0302ncia prontamente estamos aqui para avisar a todos.<\/p>\n<p style=\"text-align: justify;\">Por Manuela Alves\/Assessora.<\/p>\n","protected":false},"excerpt":{"rendered":"<p>Circular nas redes sociais uma &#8220;nota de falecimento&#8221; do falsa, dizendo que o cantor Genival Lacerda. Na verdade, o artista&hellip;<\/p>\n","protected":false},"author":1,"featured_media":64445,"comment_status":"open","ping_status":"open","sticky":false,"template":"","format":"standard","meta":{"footnotes":""},"categories":[14120],"tags":[2,19418,20300,6],"class_list":["post-64444","post","type-post","status-publish","format-standard","has-post-thumbnail","hentry","category-noticias","tag-blog-do-edvaldo-magalhaes","tag-blog-mais-acessado-de-caruaru-e-regiao","tag-cantor-genival-lacerda-segue-internado-na-uti","tag-noticias"],"_links":{"self":[{"href":"https:\/\/blogdoedvaldomagalhaes.com.br\/index.php\/wp-json\/wp\/v2\/posts\/64444","targetHints":{"allow":["GET"]}}],"collection":[{"href":"https:\/\/blogdoedvaldomagalhaes.com.br\/index.php\/wp-json\/wp\/v2\/posts"}],"about":[{"href":"https:\/\/blogdoedvaldomagalhaes.com.br\/index.php\/wp-json\/wp\/v2\/types\/post"}],"author":[{"embeddable":true,"href":"https:\/\/blogdoedvaldomagalhaes.com.br\/index.php\/wp-json\/wp\/v2\/users\/1"}],"replies":[{"embeddable":true,"href":"https:\/\/blogdoedvaldomagalhaes.com.br\/index.php\/wp-json\/wp\/v2\/comments?post=64444"}],"version-history":[{"count":4,"href":"https:\/\/blogdoedvaldomagalhaes.com.br\/index.php\/wp-json\/wp\/v2\/posts\/64444\/revisions"}],"predecessor-version":[{"id":64473,"href":"https:\/\/blogdoedvaldomagalhaes.com.br\/index.php\/wp-json\/wp\/v2\/posts\/64444\/revisions\/64473"}],"wp:featuredmedia":[{"embeddable":true,"href":"https:\/\/blogdoedvaldomagalhaes.com.br\/index.php\/wp-json\/wp\/v2\/media\/64445"}],"wp:attachment":[{"href":"https:\/\/blogdoedvaldomagalhaes.com.br\/index.php\/wp-json\/wp\/v2\/media?parent=64444"}],"wp:term":[{"taxonomy":"category","embeddable":true,"href":"https:\/\/blogdoedvaldomagalhaes.com.br\/index.php\/wp-json\/wp\/v2\/categories?post=64444"},{"taxonomy":"post_tag","embeddable":true,"href":"https:\/\/blogdoedvaldomagalhaes.com.br\/index.php\/wp-json\/wp\/v2\/tags?post=64444"}],"curies":[{"name":"wp","href":"https:\/\/api.w.org\/{rel}","templated":true}]}}