{"id":64439,"date":"2020-12-05T20:29:47","date_gmt":"2020-12-05T23:29:47","guid":{"rendered":"https:\/\/blogdoedvaldomagalhaes.com.br\/?p=64439"},"modified":"2020-12-05T20:30:29","modified_gmt":"2020-12-05T23:30:29","slug":"clientes-da-compesa-tem-ate-31-de-dezembro-para-aderir-ao-programa-de-negociacao-de-debitos-com-condicoes-especiais","status":"publish","type":"post","link":"https:\/\/blogdoedvaldomagalhaes.com.br\/index.php\/2020\/12\/05\/clientes-da-compesa-tem-ate-31-de-dezembro-para-aderir-ao-programa-de-negociacao-de-debitos-com-condicoes-especiais\/","title":{"rendered":"Clientes da Compesa t\u00eam at\u00e9 31 de dezembro para aderir ao programa de negocia\u00e7\u00e3o de d\u00e9bitos com condi\u00e7\u00f5es especiais"},"content":{"rendered":"<p style=\"font-weight: 400; text-align: justify;\">Os clientes da Compesa t\u00eam at\u00e9 31 de dezembro para aderir ao programa de negocia\u00e7\u00e3o de d\u00e9bitos com condi\u00e7\u00f5es especiais, intitulado Quita F\u00e1cil. O programa chega ao \u00faltimo m\u00eas com a proposta de celebrar acordos com clientes, com facilidades nunca antes oferecidas, a exemplo de descontos de at\u00e9 90%, parcelamento pelo cart\u00e3o de cr\u00e9dito em at\u00e9 12 vezes e sem entrada, parcelamento com entrada facilitada e de acordo com as condi\u00e7\u00f5es do cliente e, ainda, a novidade do pagamento via aux\u00edlio emergencial, com o cart\u00e3o de d\u00e9bito virtual do app Caixa Tem. Em dois meses, desde o lan\u00e7amento em outubro, 50 mil pessoas tiveram a oportunidade de negociar seus d\u00e9bitos com a Compesa e mais de 50% dos clientes aproveitaram as condi\u00e7\u00f5es para negociar \u00e0 vista.<\/p>\n<p style=\"font-weight: 400; text-align: justify;\">O diretor de Mercado e Atendimento da Compesa, Carlos J\u00fanior, destaca o programa como uma oportunidade \u00fanica para os clientes encerrarem o ano sem pend\u00eancias com a empresa. \u201c\u00c9 um momento financeiro delicado para muitas fam\u00edlias, em virtude da pandemia, mas a Compesa tem desenvolvido solu\u00e7\u00f5es para ajudar os pernambucanos a atravessar o momento sem o ac\u00famulo de d\u00edvidas, como foi o caso do lan\u00e7amento do Quita F\u00e1cil. No \u00faltimo m\u00eas do programa, nossa expectativa \u00e9 expandir o trabalho que est\u00e1 sendo realizado em nossos canais de atendimento e continuar ajudando as pessoas a encerrarem o ano adimplentes\u201d, destaca.<\/p>\n<p style=\"font-weight: 400; text-align: justify;\">Os canais de atendimento da Companhia est\u00e3o dispon\u00edveis e com equipes treinadas para negociar diretamente nas lojas da Compesa. Se o cliente preferir, ser\u00e1 poss\u00edvel solicitar a negocia\u00e7\u00e3o pelo 0800 081 0195 e, no prazo de 24 horas, ser\u00e1 enviada a proposta inicial. Os clientes ter\u00e3o condi\u00e7\u00f5es especiais tamb\u00e9m para negocia\u00e7\u00e3o direta no aplicativo Compesa Mobile e no site da Compesa (<a href=\"http:\/\/www.compesa.com.br\/\" data-saferedirecturl=\"https:\/\/www.google.com\/url?q=http:\/\/www.compesa.com.br\/&amp;source=gmail&amp;ust=1607168841027000&amp;usg=AFQjCNFRMPhjqKAya4_KdZ3a5iKysdo6-w\">www.compesa.com.br<\/a>).<\/p>\n","protected":false},"excerpt":{"rendered":"<p>Os clientes da Compesa t\u00eam at\u00e9 31 de dezembro para aderir ao programa de negocia\u00e7\u00e3o de d\u00e9bitos com condi\u00e7\u00f5es especiais,&hellip;<\/p>\n","protected":false},"author":1,"featured_media":64440,"comment_status":"open","ping_status":"open","sticky":false,"template":"","format":"standard","meta":{"footnotes":""},"categories":[14120],"tags":[2,19418,20299,6],"class_list":["post-64439","post","type-post","status-publish","format-standard","has-post-thumbnail","hentry","category-noticias","tag-blog-do-edvaldo-magalhaes","tag-blog-mais-acessado-de-caruaru-e-regiao","tag-clientes-da-compesa-tem-ate-31-de-dezembro-para-aderir-ao-programa-de-negociacao-de-debitos-com-condicoes-especiais","tag-noticias"],"_links":{"self":[{"href":"https:\/\/blogdoedvaldomagalhaes.com.br\/index.php\/wp-json\/wp\/v2\/posts\/64439","targetHints":{"allow":["GET"]}}],"collection":[{"href":"https:\/\/blogdoedvaldomagalhaes.com.br\/index.php\/wp-json\/wp\/v2\/posts"}],"about":[{"href":"https:\/\/blogdoedvaldomagalhaes.com.br\/index.php\/wp-json\/wp\/v2\/types\/post"}],"author":[{"embeddable":true,"href":"https:\/\/blogdoedvaldomagalhaes.com.br\/index.php\/wp-json\/wp\/v2\/users\/1"}],"replies":[{"embeddable":true,"href":"https:\/\/blogdoedvaldomagalhaes.com.br\/index.php\/wp-json\/wp\/v2\/comments?post=64439"}],"version-history":[{"count":1,"href":"https:\/\/blogdoedvaldomagalhaes.com.br\/index.php\/wp-json\/wp\/v2\/posts\/64439\/revisions"}],"predecessor-version":[{"id":64441,"href":"https:\/\/blogdoedvaldomagalhaes.com.br\/index.php\/wp-json\/wp\/v2\/posts\/64439\/revisions\/64441"}],"wp:featuredmedia":[{"embeddable":true,"href":"https:\/\/blogdoedvaldomagalhaes.com.br\/index.php\/wp-json\/wp\/v2\/media\/64440"}],"wp:attachment":[{"href":"https:\/\/blogdoedvaldomagalhaes.com.br\/index.php\/wp-json\/wp\/v2\/media?parent=64439"}],"wp:term":[{"taxonomy":"category","embeddable":true,"href":"https:\/\/blogdoedvaldomagalhaes.com.br\/index.php\/wp-json\/wp\/v2\/categories?post=64439"},{"taxonomy":"post_tag","embeddable":true,"href":"https:\/\/blogdoedvaldomagalhaes.com.br\/index.php\/wp-json\/wp\/v2\/tags?post=64439"}],"curies":[{"name":"wp","href":"https:\/\/api.w.org\/{rel}","templated":true}]}}