{"id":64436,"date":"2020-12-05T19:43:15","date_gmt":"2020-12-05T22:43:15","guid":{"rendered":"https:\/\/blogdoedvaldomagalhaes.com.br\/?p=64436"},"modified":"2020-12-05T19:43:18","modified_gmt":"2020-12-05T22:43:18","slug":"pernambuco-registra-1-518-novos-casos-de-covid-19-e-21-novas-mortes","status":"publish","type":"post","link":"https:\/\/blogdoedvaldomagalhaes.com.br\/index.php\/2020\/12\/05\/pernambuco-registra-1-518-novos-casos-de-covid-19-e-21-novas-mortes\/","title":{"rendered":"Pernambuco registra 1.518 novos casos de Covid-19 e 21 novas mortes"},"content":{"rendered":"<p style=\"text-align: justify;\">A Secretaria Estadual de Sa\u00fade (SES-PE) registrou, neste s\u00e1bado (05\/12), 1.518 casos da Covid-19. Entre os confirmados hoje, 38 (2,5%) s\u00e3o casos de S\u00edndrome Respirat\u00f3ria Aguda Grave (SRAG) e 1.480 (97,5%) s\u00e3o leves. Agora, Pernambuco totaliza 189.650 casos confirmados da doen\u00e7a, sendo 28.254 graves e 161.396 leves, que est\u00e3o distribu\u00eddos por todos os 184 munic\u00edpios pernambucanos, al\u00e9m do arquip\u00e9lago de Fernando de Noronha.<\/p>\n<p>Al\u00e9m disso, o boletim registra um total de 167.137 pacientes recuperados da doen\u00e7a. Destes, 18.017 eram pacientes graves, que necessitaram de internamento hospitalar, e 149.120 eram casos leves.<\/p>\n<p>Tamb\u00e9m foram confirmados laboratorialmente 21 novos \u00f3bitos (14 masculinos e 7 femininos), registrados entre os dias 22\/07 e 04\/12. As novas mortes s\u00e3o de pessoas residentes dos munic\u00edpios Abreu e Lima (1), Afogados da Ingazeira (1), Catende (1), Goiana (1), Gravat\u00e1 (1), Ibimirim (1), Igarassu (1), Jaboat\u00e3o dos Guararapes (2), Olinda (3), Ouricuri (2), Petrolina (2), Quipap\u00e1 (1), Recife (2), Santa Filomena (1) e Tabira (1). Com isso, o Estado totaliza 9.140 mortes pela doen\u00e7a.<\/p>\n<p>Os pacientes tinham idades entre 30 e 91 anos. As faixas et\u00e1rias s\u00e3o: 30 a 39 (1), 40 a 49 (1), 50 a 59 (3), 60 a 69 (1), 70 a 79 (9) e 80 ou mais (6). Do total, 20 tinham doen\u00e7as pr\u00e9-existentes: doen\u00e7a cardiovascular (13), diabetes (9), hipertens\u00e3o (4), obesidade (3), hist\u00f3rico de AVE\/AVC (3), doen\u00e7a respirat\u00f3ria (2), doen\u00e7a renal (1), tabagismo (1) e imunossupress\u00e3o (1) &#8211; um paciente pode ter mais de uma comorbidade. Um est\u00e1 em investiga\u00e7\u00e3o.<\/p>\n<p>Com rela\u00e7\u00e3o \u00e0 testagem dos profissionais de sa\u00fade com sintomas de gripe, em Pernambuco, at\u00e9 agora, 23.295 casos foram confirmados e 41.521 descartados. As testagens entre os trabalhadores do setor abrangem os profissionais de todas as unidades de sa\u00fade, sejam da rede p\u00fablica (estadual e municipal) ou privada. O Governo de Pernambuco foi o primeiro do pa\u00eds a criar um protocolo para testar e afastar os profissionais da \u00e1rea da sa\u00fade com sintomas gripais.<\/p>\n","protected":false},"excerpt":{"rendered":"<p>A Secretaria Estadual de Sa\u00fade (SES-PE) registrou, neste s\u00e1bado (05\/12), 1.518 casos da Covid-19. Entre os confirmados hoje, 38 (2,5%)&hellip;<\/p>\n","protected":false},"author":1,"featured_media":64437,"comment_status":"open","ping_status":"open","sticky":false,"template":"","format":"standard","meta":{"footnotes":""},"categories":[14120],"tags":[2,19418,1950,19670,20298],"class_list":["post-64436","post","type-post","status-publish","format-standard","has-post-thumbnail","hentry","category-noticias","tag-blog-do-edvaldo-magalhaes","tag-blog-mais-acessado-de-caruaru-e-regiao","tag-noticias-de-caruaru","tag-novo-coronavirus","tag-pernambuco-registra-1-518-novos-casos-de-covid-19-e-21-novas-mortes"],"_links":{"self":[{"href":"https:\/\/blogdoedvaldomagalhaes.com.br\/index.php\/wp-json\/wp\/v2\/posts\/64436","targetHints":{"allow":["GET"]}}],"collection":[{"href":"https:\/\/blogdoedvaldomagalhaes.com.br\/index.php\/wp-json\/wp\/v2\/posts"}],"about":[{"href":"https:\/\/blogdoedvaldomagalhaes.com.br\/index.php\/wp-json\/wp\/v2\/types\/post"}],"author":[{"embeddable":true,"href":"https:\/\/blogdoedvaldomagalhaes.com.br\/index.php\/wp-json\/wp\/v2\/users\/1"}],"replies":[{"embeddable":true,"href":"https:\/\/blogdoedvaldomagalhaes.com.br\/index.php\/wp-json\/wp\/v2\/comments?post=64436"}],"version-history":[{"count":1,"href":"https:\/\/blogdoedvaldomagalhaes.com.br\/index.php\/wp-json\/wp\/v2\/posts\/64436\/revisions"}],"predecessor-version":[{"id":64438,"href":"https:\/\/blogdoedvaldomagalhaes.com.br\/index.php\/wp-json\/wp\/v2\/posts\/64436\/revisions\/64438"}],"wp:featuredmedia":[{"embeddable":true,"href":"https:\/\/blogdoedvaldomagalhaes.com.br\/index.php\/wp-json\/wp\/v2\/media\/64437"}],"wp:attachment":[{"href":"https:\/\/blogdoedvaldomagalhaes.com.br\/index.php\/wp-json\/wp\/v2\/media?parent=64436"}],"wp:term":[{"taxonomy":"category","embeddable":true,"href":"https:\/\/blogdoedvaldomagalhaes.com.br\/index.php\/wp-json\/wp\/v2\/categories?post=64436"},{"taxonomy":"post_tag","embeddable":true,"href":"https:\/\/blogdoedvaldomagalhaes.com.br\/index.php\/wp-json\/wp\/v2\/tags?post=64436"}],"curies":[{"name":"wp","href":"https:\/\/api.w.org\/{rel}","templated":true}]}}