{"id":64417,"date":"2020-12-05T17:21:39","date_gmt":"2020-12-05T20:21:39","guid":{"rendered":"https:\/\/blogdoedvaldomagalhaes.com.br\/?p=64417"},"modified":"2020-12-05T17:21:40","modified_gmt":"2020-12-05T20:21:40","slug":"pagamento-de-funcionarios-de-terceirizada-solicitado-por-lessa-comeca-a-ser-feito","status":"publish","type":"post","link":"https:\/\/blogdoedvaldomagalhaes.com.br\/index.php\/2020\/12\/05\/pagamento-de-funcionarios-de-terceirizada-solicitado-por-lessa-comeca-a-ser-feito\/","title":{"rendered":"Pagamento de funcion\u00e1rios de terceirizada solicitado por Lessa come\u00e7a a ser feito"},"content":{"rendered":"<p style=\"text-align: justify;\"><span style=\"font-size: inherit;\">Atrav\u00e9s de suas redes sociais, o deputado estadual Delegado Erick Lessa (Progressistas) registrou o in\u00edcio do pagamento de funcion\u00e1rios de uma empresa terceirizada que atua na \u00e1rea da Sa\u00fade em Pernambuco. Na quarta-feira (02), o parlamentar havia encaminhado um of\u00edcio \u00e0 Secretaria de Sa\u00fade, solicitando provid\u00eancias para o caso. Segundo Lessa, profissionais da empresa se queixaram de estar h\u00e1 quase quatro meses sem receber sal\u00e1rios e benef\u00edcios. \u201cEstamos atentos e vamos continuar solicitando at\u00e9 que haja o pagamento total\u201d, comentou Lessa.<\/span><\/p>\n","protected":false},"excerpt":{"rendered":"<p>Atrav\u00e9s de suas redes sociais, o deputado estadual Delegado Erick Lessa (Progressistas) registrou o in\u00edcio do pagamento de funcion\u00e1rios de&hellip;<\/p>\n","protected":false},"author":1,"featured_media":64418,"comment_status":"open","ping_status":"open","sticky":false,"template":"","format":"standard","meta":{"footnotes":""},"categories":[14122],"tags":[2,19418,20294,20295],"class_list":["post-64417","post","type-post","status-publish","format-standard","has-post-thumbnail","hentry","category-politica","tag-blog-do-edvaldo-magalhaes","tag-blog-mais-acessado-de-caruaru-e-regiao","tag-pagamento-de-funcionarios-de-terceirizada-solicitado-por-lessa-comeca-a-ser-feito","tag-politica-2"],"_links":{"self":[{"href":"https:\/\/blogdoedvaldomagalhaes.com.br\/index.php\/wp-json\/wp\/v2\/posts\/64417","targetHints":{"allow":["GET"]}}],"collection":[{"href":"https:\/\/blogdoedvaldomagalhaes.com.br\/index.php\/wp-json\/wp\/v2\/posts"}],"about":[{"href":"https:\/\/blogdoedvaldomagalhaes.com.br\/index.php\/wp-json\/wp\/v2\/types\/post"}],"author":[{"embeddable":true,"href":"https:\/\/blogdoedvaldomagalhaes.com.br\/index.php\/wp-json\/wp\/v2\/users\/1"}],"replies":[{"embeddable":true,"href":"https:\/\/blogdoedvaldomagalhaes.com.br\/index.php\/wp-json\/wp\/v2\/comments?post=64417"}],"version-history":[{"count":1,"href":"https:\/\/blogdoedvaldomagalhaes.com.br\/index.php\/wp-json\/wp\/v2\/posts\/64417\/revisions"}],"predecessor-version":[{"id":64419,"href":"https:\/\/blogdoedvaldomagalhaes.com.br\/index.php\/wp-json\/wp\/v2\/posts\/64417\/revisions\/64419"}],"wp:featuredmedia":[{"embeddable":true,"href":"https:\/\/blogdoedvaldomagalhaes.com.br\/index.php\/wp-json\/wp\/v2\/media\/64418"}],"wp:attachment":[{"href":"https:\/\/blogdoedvaldomagalhaes.com.br\/index.php\/wp-json\/wp\/v2\/media?parent=64417"}],"wp:term":[{"taxonomy":"category","embeddable":true,"href":"https:\/\/blogdoedvaldomagalhaes.com.br\/index.php\/wp-json\/wp\/v2\/categories?post=64417"},{"taxonomy":"post_tag","embeddable":true,"href":"https:\/\/blogdoedvaldomagalhaes.com.br\/index.php\/wp-json\/wp\/v2\/tags?post=64417"}],"curies":[{"name":"wp","href":"https:\/\/api.w.org\/{rel}","templated":true}]}}