{"id":64412,"date":"2020-12-05T17:03:54","date_gmt":"2020-12-05T20:03:54","guid":{"rendered":"https:\/\/blogdoedvaldomagalhaes.com.br\/?p=64412"},"modified":"2020-12-05T17:03:55","modified_gmt":"2020-12-05T20:03:55","slug":"campanha-solidaria-natal-do-sertao-precisa-de-doacoes-ate-o-dia-10-de-dezembro","status":"publish","type":"post","link":"https:\/\/blogdoedvaldomagalhaes.com.br\/index.php\/2020\/12\/05\/campanha-solidaria-natal-do-sertao-precisa-de-doacoes-ate-o-dia-10-de-dezembro\/","title":{"rendered":"Campanha solid\u00e1ria &#8220;Natal do Sert\u00e3o&#8221; precisa de doa\u00e7\u00f5es at\u00e9 o dia 10 de dezembro"},"content":{"rendered":"<p style=\"text-align: justify;\">A popula\u00e7\u00e3o est\u00e1 sendo convidada para participar de mais uma bel\u00edssima a\u00e7\u00e3o solid\u00e1ria denominada NATAL DO SERT\u00c3O.<br \/>Os organizadores precisam de doa\u00e7\u00f5es de roupas, sapatos, len\u00e7\u00f3is, toalhas, brinquedos e alimentos n\u00e3o perec\u00edveis, at\u00e9 o dia 10 de dezembro.\u00a0<\/p>\n<p style=\"text-align: justify;\">Embora estejamos passando por momentos dif\u00edceis, n\u00e3o podemos esquecer dos nossos irm\u00e3os t\u00e3o necessitados e sofridos que,por estarem em locais afastados dos grandes centros urbanos, a ajuda demora mais a chegar. Abrace essa causa. A seriedade de todos os envolvidos nessa a\u00e7\u00e3o solid\u00e1ria, \u00e9 muito grande.<\/p>\n<p style=\"text-align: justify;\">A campanha Natal solid\u00e1rio beneficia fam\u00edlias carentes no sert\u00e3o de Pernambuco,\u00a0 e a entrega de donativos na zona rural de Bu\u00edque, quando ser\u00e3o\u00a0 distribu\u00eddas cestas b\u00e1sicas, roupas, leite, brinquedos, fraldas, \u00e1gua mineral, no dia 20 de dezembro.\u00a0<\/p>\n<p style=\"text-align: justify;\">Entrem em contato com F\u00e1bio pelo n\u00famero\u00a0 \u00a099282 9318 ou com Gustavo pelo n\u00famero 99971 7132 para voc\u00ea ajudar.<\/p>\n\n\n<figure class=\"wp-block-image size-large\"><img loading=\"lazy\" decoding=\"async\" width=\"720\" height=\"720\" src=\"https:\/\/blogdoedvaldomagalhaes.com.br\/wp-content\/uploads\/2020\/12\/IMG-20201121-WA0253.jpg\" alt=\"\" class=\"wp-image-64415\" srcset=\"https:\/\/blogdoedvaldomagalhaes.com.br\/wp-content\/uploads\/2020\/12\/IMG-20201121-WA0253.jpg 720w, https:\/\/blogdoedvaldomagalhaes.com.br\/wp-content\/uploads\/2020\/12\/IMG-20201121-WA0253-300x300.jpg 300w, https:\/\/blogdoedvaldomagalhaes.com.br\/wp-content\/uploads\/2020\/12\/IMG-20201121-WA0253-150x150.jpg 150w\" sizes=\"auto, (max-width: 720px) 100vw, 720px\" \/><\/figure>\n","protected":false},"excerpt":{"rendered":"<p>A popula\u00e7\u00e3o est\u00e1 sendo convidada para participar de mais uma bel\u00edssima a\u00e7\u00e3o solid\u00e1ria denominada NATAL DO SERT\u00c3O.Os organizadores precisam de&hellip;<\/p>\n","protected":false},"author":1,"featured_media":64414,"comment_status":"open","ping_status":"open","sticky":false,"template":"","format":"standard","meta":{"footnotes":""},"categories":[14120],"tags":[2,19418,20293,1950],"class_list":["post-64412","post","type-post","status-publish","format-standard","has-post-thumbnail","hentry","category-noticias","tag-blog-do-edvaldo-magalhaes","tag-blog-mais-acessado-de-caruaru-e-regiao","tag-campanha-solidaria-natal-do-sertao-precisa-de-doacoes-ate-o-dia-10-de-dezembro","tag-noticias-de-caruaru"],"_links":{"self":[{"href":"https:\/\/blogdoedvaldomagalhaes.com.br\/index.php\/wp-json\/wp\/v2\/posts\/64412","targetHints":{"allow":["GET"]}}],"collection":[{"href":"https:\/\/blogdoedvaldomagalhaes.com.br\/index.php\/wp-json\/wp\/v2\/posts"}],"about":[{"href":"https:\/\/blogdoedvaldomagalhaes.com.br\/index.php\/wp-json\/wp\/v2\/types\/post"}],"author":[{"embeddable":true,"href":"https:\/\/blogdoedvaldomagalhaes.com.br\/index.php\/wp-json\/wp\/v2\/users\/1"}],"replies":[{"embeddable":true,"href":"https:\/\/blogdoedvaldomagalhaes.com.br\/index.php\/wp-json\/wp\/v2\/comments?post=64412"}],"version-history":[{"count":1,"href":"https:\/\/blogdoedvaldomagalhaes.com.br\/index.php\/wp-json\/wp\/v2\/posts\/64412\/revisions"}],"predecessor-version":[{"id":64416,"href":"https:\/\/blogdoedvaldomagalhaes.com.br\/index.php\/wp-json\/wp\/v2\/posts\/64412\/revisions\/64416"}],"wp:featuredmedia":[{"embeddable":true,"href":"https:\/\/blogdoedvaldomagalhaes.com.br\/index.php\/wp-json\/wp\/v2\/media\/64414"}],"wp:attachment":[{"href":"https:\/\/blogdoedvaldomagalhaes.com.br\/index.php\/wp-json\/wp\/v2\/media?parent=64412"}],"wp:term":[{"taxonomy":"category","embeddable":true,"href":"https:\/\/blogdoedvaldomagalhaes.com.br\/index.php\/wp-json\/wp\/v2\/categories?post=64412"},{"taxonomy":"post_tag","embeddable":true,"href":"https:\/\/blogdoedvaldomagalhaes.com.br\/index.php\/wp-json\/wp\/v2\/tags?post=64412"}],"curies":[{"name":"wp","href":"https:\/\/api.w.org\/{rel}","templated":true}]}}