{"id":64303,"date":"2020-12-02T19:18:01","date_gmt":"2020-12-02T22:18:01","guid":{"rendered":"https:\/\/blogdoedvaldomagalhaes.com.br\/?p=64303"},"modified":"2020-12-02T19:18:02","modified_gmt":"2020-12-02T22:18:02","slug":"caruaru-registra-mais-de-50-novos-casos-de-covid-19-e-uma-morte-nas-ultimas-24-horas","status":"publish","type":"post","link":"https:\/\/blogdoedvaldomagalhaes.com.br\/index.php\/2020\/12\/02\/caruaru-registra-mais-de-50-novos-casos-de-covid-19-e-uma-morte-nas-ultimas-24-horas\/","title":{"rendered":"Caruaru registra mais de 50 novos casos de Covid-19 e uma morte nas \u00faltimas 24 horas"},"content":{"rendered":"<p style=\"text-align: justify;\">A Secretaria de Sa\u00fade de Caruaru informa que registrou 53 novos casos de Covid-19 nesta quarta (2), sendo que 94,89% dos pacientes j\u00e1 se recuperaram do novo coronav\u00edrus.<\/p>\n<p style=\"text-align: justify;\">O n\u00famero de testes realizados subiu para 36.149 dos quais 13.584 foram atrav\u00e9s do teste molecular e 22.565 do teste r\u00e1pido, com 11.325 confirma\u00e7\u00f5es para \u00e0 Covid-19, incluindo um \u00f3bito no dia 27 de novembro, sendo ele: Mulher, 61 anos, com comorbidades.<\/p>\n<p style=\"text-align: justify;\">O n\u00famero de casos descartados subiu para 24.585.<\/p>\n<p style=\"text-align: justify;\">Tamb\u00e9m j\u00e1 foram registrados 47.531 casos de s\u00edndrome gripal, dos quais 2.530 foram orientados a ficar em isolamento domiciliar.<\/p>\n<p><strong>Foto: Peter Ilicciev\/Fiocruz.<\/strong><\/p>\n\n\n<figure class=\"wp-block-image size-large\"><img loading=\"lazy\" decoding=\"async\" width=\"1024\" height=\"1024\" src=\"https:\/\/blogdoedvaldomagalhaes.com.br\/wp-content\/uploads\/2020\/12\/IMG-20201202-WA0162-1024x1024.jpg\" alt=\"\" class=\"wp-image-64304\" srcset=\"https:\/\/blogdoedvaldomagalhaes.com.br\/wp-content\/uploads\/2020\/12\/IMG-20201202-WA0162-1024x1024.jpg 1024w, https:\/\/blogdoedvaldomagalhaes.com.br\/wp-content\/uploads\/2020\/12\/IMG-20201202-WA0162-300x300.jpg 300w, https:\/\/blogdoedvaldomagalhaes.com.br\/wp-content\/uploads\/2020\/12\/IMG-20201202-WA0162-150x150.jpg 150w, https:\/\/blogdoedvaldomagalhaes.com.br\/wp-content\/uploads\/2020\/12\/IMG-20201202-WA0162-768x768.jpg 768w, https:\/\/blogdoedvaldomagalhaes.com.br\/wp-content\/uploads\/2020\/12\/IMG-20201202-WA0162.jpg 1280w\" sizes=\"auto, (max-width: 1024px) 100vw, 1024px\" \/><\/figure>\n","protected":false},"excerpt":{"rendered":"<p>A Secretaria de Sa\u00fade de Caruaru informa que registrou 53 novos casos de Covid-19 nesta quarta (2), sendo que 94,89%&hellip;<\/p>\n","protected":false},"author":1,"featured_media":64305,"comment_status":"open","ping_status":"open","sticky":false,"template":"","format":"standard","meta":{"footnotes":""},"categories":[14120],"tags":[2,19418,20268,1950,19670],"class_list":["post-64303","post","type-post","status-publish","format-standard","has-post-thumbnail","hentry","category-noticias","tag-blog-do-edvaldo-magalhaes","tag-blog-mais-acessado-de-caruaru-e-regiao","tag-caruaru-registra-mais-de-50-novos-casos-de-covid-19-e-uma-morte-nas-ultimas-24-horas","tag-noticias-de-caruaru","tag-novo-coronavirus"],"_links":{"self":[{"href":"https:\/\/blogdoedvaldomagalhaes.com.br\/index.php\/wp-json\/wp\/v2\/posts\/64303","targetHints":{"allow":["GET"]}}],"collection":[{"href":"https:\/\/blogdoedvaldomagalhaes.com.br\/index.php\/wp-json\/wp\/v2\/posts"}],"about":[{"href":"https:\/\/blogdoedvaldomagalhaes.com.br\/index.php\/wp-json\/wp\/v2\/types\/post"}],"author":[{"embeddable":true,"href":"https:\/\/blogdoedvaldomagalhaes.com.br\/index.php\/wp-json\/wp\/v2\/users\/1"}],"replies":[{"embeddable":true,"href":"https:\/\/blogdoedvaldomagalhaes.com.br\/index.php\/wp-json\/wp\/v2\/comments?post=64303"}],"version-history":[{"count":1,"href":"https:\/\/blogdoedvaldomagalhaes.com.br\/index.php\/wp-json\/wp\/v2\/posts\/64303\/revisions"}],"predecessor-version":[{"id":64306,"href":"https:\/\/blogdoedvaldomagalhaes.com.br\/index.php\/wp-json\/wp\/v2\/posts\/64303\/revisions\/64306"}],"wp:featuredmedia":[{"embeddable":true,"href":"https:\/\/blogdoedvaldomagalhaes.com.br\/index.php\/wp-json\/wp\/v2\/media\/64305"}],"wp:attachment":[{"href":"https:\/\/blogdoedvaldomagalhaes.com.br\/index.php\/wp-json\/wp\/v2\/media?parent=64303"}],"wp:term":[{"taxonomy":"category","embeddable":true,"href":"https:\/\/blogdoedvaldomagalhaes.com.br\/index.php\/wp-json\/wp\/v2\/categories?post=64303"},{"taxonomy":"post_tag","embeddable":true,"href":"https:\/\/blogdoedvaldomagalhaes.com.br\/index.php\/wp-json\/wp\/v2\/tags?post=64303"}],"curies":[{"name":"wp","href":"https:\/\/api.w.org\/{rel}","templated":true}]}}