{"id":6422,"date":"2017-03-26T15:34:00","date_gmt":"2017-03-26T18:34:00","guid":{"rendered":"http:\/\/blogdoedvaldomagalhaes.com.br\/index.php\/2017\/03\/26\/homicidio-na-zona-rural-de-caruaru_26\/"},"modified":"2019-02-09T01:21:20","modified_gmt":"2019-02-09T03:21:20","slug":"homicidio-na-zona-rural-de-caruaru_26","status":"publish","type":"post","link":"https:\/\/blogdoedvaldomagalhaes.com.br\/index.php\/2017\/03\/26\/homicidio-na-zona-rural-de-caruaru_26\/","title":{"rendered":"Homic\u00eddio na zona rural de Caruaru neste domingo (26)"},"content":{"rendered":"<div class=\"separator\" style=\"clear: both; text-align: center;\">\n<a href=\"https:\/\/3.bp.blogspot.com\/-W0MAi972UNQ\/WNffP1wfUNI\/AAAAAAAAST8\/xuvSQi4IsxcSZaxj1fIQE-sBe0JA9gTEwCLcB\/s1600\/homicidio.jpg\" imageanchor=\"1\" style=\"margin-left: 1em; margin-right: 1em;\"><img loading=\"lazy\" decoding=\"async\" border=\"0\" height=\"332\" src=\"http:\/\/blogdoedvaldomagalhaes.com.br\/wp-content\/uploads\/2017\/03\/homicidio-1.jpg\" width=\"400\" \/><\/a><\/div>\n<div class=\"separator\" style=\"clear: both; text-align: center;\">\nFoto: Reprodu\u00e7\u00e3o\/WhatasApp<\/div>\n<div style=\"text-align: justify;\">\nUm homic\u00eddio foi registrado por volta das 11h da manh\u00e3 deste domingo (26) na Vila do Cana\u00e3, na localidade conhecida por Beco do Marcelo, a v\u00edtima foi Jos\u00e9 Walter de Souza, de 33 anos, que morava a poucos metros de onde foi morto com disparos de arma de fogo. O crime ocorreu as margens do Rio Capibaribe, e faz parte da zona rural de Caruaru.&nbsp;<\/p>\n<p>J\u00e1 s\u00e3o 24 homic\u00eddios neste m\u00eas de mar\u00e7o e 66 no ano em Caruaru.<\/p>\n<p><\/p>\n<div class=\"separator\" style=\"clear: both; text-align: center;\">\n<a href=\"http:\/\/blogdoedvaldomagalhaes.com.br\/wp-content\/uploads\/2017\/03\/6-STR-24.jpg\" imageanchor=\"1\" style=\"clear: left; float: left; margin-bottom: 1em; margin-right: 1em;\"><img decoding=\"async\" border=\"0\" src=\"http:\/\/blogdoedvaldomagalhaes.com.br\/wp-content\/uploads\/2017\/03\/6-STR-24.jpg\" \/><\/a><\/div>\n<p><\/div>\n","protected":false},"excerpt":{"rendered":"<p>Foto: Reprodu\u00e7\u00e3o\/WhatasApp Um homic\u00eddio foi registrado por volta das 11h da manh\u00e3 deste domingo (26) na Vila do Cana\u00e3, na&hellip;<\/p>\n","protected":false},"author":1,"featured_media":0,"comment_status":"open","ping_status":"open","sticky":false,"template":"","format":"standard","meta":{"footnotes":""},"categories":[1],"tags":[2,8662,13,8663,3936],"class_list":["post-6422","post","type-post","status-publish","format-standard","hentry","category-sem-categoria","tag-blog-do-edvaldo-magalhaes","tag-homicidio-na-zona-rural-de-caruaru-neste-domingo-26","tag-policial","tag-rio-capibaribe","tag-vila-canaa"],"_links":{"self":[{"href":"https:\/\/blogdoedvaldomagalhaes.com.br\/index.php\/wp-json\/wp\/v2\/posts\/6422","targetHints":{"allow":["GET"]}}],"collection":[{"href":"https:\/\/blogdoedvaldomagalhaes.com.br\/index.php\/wp-json\/wp\/v2\/posts"}],"about":[{"href":"https:\/\/blogdoedvaldomagalhaes.com.br\/index.php\/wp-json\/wp\/v2\/types\/post"}],"author":[{"embeddable":true,"href":"https:\/\/blogdoedvaldomagalhaes.com.br\/index.php\/wp-json\/wp\/v2\/users\/1"}],"replies":[{"embeddable":true,"href":"https:\/\/blogdoedvaldomagalhaes.com.br\/index.php\/wp-json\/wp\/v2\/comments?post=6422"}],"version-history":[{"count":1,"href":"https:\/\/blogdoedvaldomagalhaes.com.br\/index.php\/wp-json\/wp\/v2\/posts\/6422\/revisions"}],"predecessor-version":[{"id":18125,"href":"https:\/\/blogdoedvaldomagalhaes.com.br\/index.php\/wp-json\/wp\/v2\/posts\/6422\/revisions\/18125"}],"wp:attachment":[{"href":"https:\/\/blogdoedvaldomagalhaes.com.br\/index.php\/wp-json\/wp\/v2\/media?parent=6422"}],"wp:term":[{"taxonomy":"category","embeddable":true,"href":"https:\/\/blogdoedvaldomagalhaes.com.br\/index.php\/wp-json\/wp\/v2\/categories?post=6422"},{"taxonomy":"post_tag","embeddable":true,"href":"https:\/\/blogdoedvaldomagalhaes.com.br\/index.php\/wp-json\/wp\/v2\/tags?post=6422"}],"curies":[{"name":"wp","href":"https:\/\/api.w.org\/{rel}","templated":true}]}}