{"id":6421,"date":"2017-03-27T01:17:00","date_gmt":"2017-03-27T04:17:00","guid":{"rendered":"http:\/\/blogdoedvaldomagalhaes.com.br\/index.php\/2017\/03\/27\/josinaldo-barbosa-reeleito-presidente\/"},"modified":"2019-02-09T01:21:21","modified_gmt":"2019-02-09T03:21:21","slug":"josinaldo-barbosa-reeleito-presidente","status":"publish","type":"post","link":"https:\/\/blogdoedvaldomagalhaes.com.br\/index.php\/2017\/03\/27\/josinaldo-barbosa-reeleito-presidente\/","title":{"rendered":"Josinaldo Barbosa reeleito presidente da UVP"},"content":{"rendered":"<div class=\"separator\" style=\"clear: both; text-align: center;\">\n<a href=\"https:\/\/1.bp.blogspot.com\/-CbVXNWgjqhg\/WNhnv3K_NaI\/AAAAAAAASUg\/jnQcX-w1F7sxx_vO88HzZ1nQBIT0KePDQCLcB\/s1600\/uvp.jpg\" imageanchor=\"1\" style=\"margin-left: 1em; margin-right: 1em;\"><img loading=\"lazy\" decoding=\"async\" border=\"0\" height=\"203\" src=\"http:\/\/blogdoedvaldomagalhaes.com.br\/wp-content\/uploads\/2017\/03\/uvp.jpg\" width=\"400\" \/><\/a><\/div>\n<div class=\"separator\" style=\"clear: both; text-align: center;\">\nFoto: Reprodu\u00e7\u00e3o\/Internet<\/div>\n<div class=\"separator\" style=\"clear: both; text-align: center;\">\n<\/div>\n<div style=\"background-color: white; border: 0px; margin-bottom: 1.5em; outline: 0px; padding: 0px; text-align: justify; vertical-align: baseline;\">\nO vereador e presidente da C\u00e2mara de Timba\u00faba, Josinaldo Barbosa (PTB) foi reeleito presidente da Uni\u00e3o dos Vereadores de Pernambuco (UVP), neste s\u00e1bado (25) para mais dois anos de mandato \u00e0 frente da presid\u00eancia da UVP.<\/div>\n<div style=\"background-color: white; border: 0px; margin-bottom: 1.5em; outline: 0px; padding: 0px; text-align: justify; vertical-align: baseline;\">\nO pleito aconteceu durante o Congresso de Vereadores e Servidores de C\u00e2maras, que ocorreu no munic\u00edpio de Bonito, Josinaldo obteve 601 votos, conseguindo uma diferen\u00e7a de 310 votos a mais em rela\u00e7\u00e3o ao segundo colocado na disputa, o vereador de S\u00e3o Bento do Una, Andr\u00e9 Valen\u00e7a (PSB), que obteve 291 votos.<\/p>\n<p><\/p>\n<div class=\"separator\" style=\"clear: both; text-align: center;\">\n<a href=\"http:\/\/blogdoedvaldomagalhaes.com.br\/wp-content\/uploads\/2017\/03\/7-SINTRACON-23.jpg\" imageanchor=\"1\" style=\"clear: left; float: left; margin-bottom: 1em; margin-right: 1em;\"><img decoding=\"async\" border=\"0\" src=\"http:\/\/blogdoedvaldomagalhaes.com.br\/wp-content\/uploads\/2017\/03\/7-SINTRACON-23.jpg\" \/><\/a><\/div>\n<p><\/div>\n","protected":false},"excerpt":{"rendered":"<p>Foto: Reprodu\u00e7\u00e3o\/Internet O vereador e presidente da C\u00e2mara de Timba\u00faba, Josinaldo Barbosa (PTB) foi reeleito presidente da Uni\u00e3o dos Vereadores&hellip;<\/p>\n","protected":false},"author":1,"featured_media":0,"comment_status":"open","ping_status":"open","sticky":false,"template":"","format":"standard","meta":{"footnotes":""},"categories":[1],"tags":[8659,992,6347,8660,20,381,8661],"class_list":["post-6421","post","type-post","status-publish","format-standard","hentry","category-sem-categoria","tag-andre-valenca-sao-bento-do-una","tag-blog-do-edvaldo-do-magalhaes","tag-bonito","tag-josinaldo-barbosa-reeleito-presidente-da-uvp","tag-politica","tag-psb","tag-ptb"],"_links":{"self":[{"href":"https:\/\/blogdoedvaldomagalhaes.com.br\/index.php\/wp-json\/wp\/v2\/posts\/6421","targetHints":{"allow":["GET"]}}],"collection":[{"href":"https:\/\/blogdoedvaldomagalhaes.com.br\/index.php\/wp-json\/wp\/v2\/posts"}],"about":[{"href":"https:\/\/blogdoedvaldomagalhaes.com.br\/index.php\/wp-json\/wp\/v2\/types\/post"}],"author":[{"embeddable":true,"href":"https:\/\/blogdoedvaldomagalhaes.com.br\/index.php\/wp-json\/wp\/v2\/users\/1"}],"replies":[{"embeddable":true,"href":"https:\/\/blogdoedvaldomagalhaes.com.br\/index.php\/wp-json\/wp\/v2\/comments?post=6421"}],"version-history":[{"count":1,"href":"https:\/\/blogdoedvaldomagalhaes.com.br\/index.php\/wp-json\/wp\/v2\/posts\/6421\/revisions"}],"predecessor-version":[{"id":18128,"href":"https:\/\/blogdoedvaldomagalhaes.com.br\/index.php\/wp-json\/wp\/v2\/posts\/6421\/revisions\/18128"}],"wp:attachment":[{"href":"https:\/\/blogdoedvaldomagalhaes.com.br\/index.php\/wp-json\/wp\/v2\/media?parent=6421"}],"wp:term":[{"taxonomy":"category","embeddable":true,"href":"https:\/\/blogdoedvaldomagalhaes.com.br\/index.php\/wp-json\/wp\/v2\/categories?post=6421"},{"taxonomy":"post_tag","embeddable":true,"href":"https:\/\/blogdoedvaldomagalhaes.com.br\/index.php\/wp-json\/wp\/v2\/tags?post=6421"}],"curies":[{"name":"wp","href":"https:\/\/api.w.org\/{rel}","templated":true}]}}