{"id":6420,"date":"2017-03-27T10:57:00","date_gmt":"2017-03-27T13:57:00","guid":{"rendered":"http:\/\/blogdoedvaldomagalhaes.com.br\/index.php\/2017\/03\/27\/fim-de-semana-com-sessenta-e-sete\/"},"modified":"2019-02-09T01:21:21","modified_gmt":"2019-02-09T03:21:21","slug":"fim-de-semana-com-sessenta-e-sete","status":"publish","type":"post","link":"https:\/\/blogdoedvaldomagalhaes.com.br\/index.php\/2017\/03\/27\/fim-de-semana-com-sessenta-e-sete\/","title":{"rendered":"Fim de semana com sessenta e sete pessoas assassinadas em Pernambuco"},"content":{"rendered":"<div class=\"separator\" style=\"clear: both; text-align: center;\">\n<a href=\"https:\/\/1.bp.blogspot.com\/-VpSimgZV43U\/WNjv1mNCibI\/AAAAAAAASVE\/6F42IpM6IqYrwfek1a-dkj9NtdoippwkQCLcB\/s1600\/crime.jpg\" imageanchor=\"1\" style=\"margin-left: 1em; margin-right: 1em;\"><img loading=\"lazy\" decoding=\"async\" border=\"0\" height=\"266\" src=\"http:\/\/blogdoedvaldomagalhaes.com.br\/wp-content\/uploads\/2017\/03\/crime-6.jpg\" width=\"400\" \/><\/a><\/div>\n<div style=\"background-color: white; box-sizing: border-box; line-height: 24px; margin-bottom: 10px; text-align: justify;\">\n<\/div>\n<div style=\"background-color: white; box-sizing: border-box; line-height: 24px; margin-bottom: 10px; text-align: justify;\">\nO Sindicato dos Rodovi\u00e1rios de Pernambuco contabilizou 33 assaltos a \u00f4nibus, no fim de semana, no Grande Recife, sendo 15 nas \u00faltimas 24 horas.<\/div>\n<div style=\"background-color: white; box-sizing: border-box; line-height: 24px; margin-bottom: 10px; text-align: justify;\">\nSessenta e sete pessoas foram assassinadas em Pernambuco no fim de semana, 33 no Grande Recife e 34 no interior do Estado. Nas \u00faltimas 24 horas ocorreram 26 homic\u00eddios.<\/div>\n<div style=\"background-color: white; box-sizing: border-box; line-height: 24px; margin-bottom: 10px; text-align: justify;\">\nEm Caruaru, um homem de 33 anos foi morto no final da manh\u00e3 deste domingo (26), na Vila Cana\u00e3, zona rural do munic\u00edpio. Jos\u00e9 Valter Souza foi atingido com 6 tiros. Segundo familiares, ele ficava agressivo quando estava bebendo e costumava arrumar confus\u00e3o. Ao lado do corpo, a pol\u00edcia encontrou quatro por\u00e7\u00f5es de maconha e 4 pedras de crack.<\/div>\n<div style=\"background-color: white; box-sizing: border-box; line-height: 24px; margin-bottom: 10px; text-align: justify;\">\nEm mar\u00e7o, 24 pessoas foram assassinadas na Capital do Agreste, elevando para 66 o n\u00famero de homic\u00eddios em 2017 no munic\u00edpio.<\/div>\n<div style=\"background-color: white; box-sizing: border-box; line-height: 24px; margin-bottom: 10px; text-align: justify;\">\nA pol\u00edcia tamb\u00e9m registrou tr\u00eas tentativas de homic\u00eddio em Caruaru neste domingo. No S\u00e3o Jo\u00e3o da Esc\u00f3cia, Gilson Cordeiro de Melo, 35 anos, foi atingido com um tiro no pesco\u00e7o e outro no bra\u00e7o direito. Ele foi socorrido para o Hospital Regional do Agreste (HRA) e n\u00e3o corre risco de morte.<\/div>\n<div style=\"background-color: white; box-sizing: border-box; line-height: 24px; margin-bottom: 10px; text-align: justify;\">\nNo Salgado, Evandro Di\u00f3genes Lucena Dias Pinheiro, 28 anos, foi agredido a pauladas e pedradas pelo pr\u00f3prio irm\u00e3o conhecido por Lucas, que est\u00e1 foragido. A v\u00edtima foi socorrida pelo Samu para o HRA.<\/div>\n<div style=\"background-color: white; box-sizing: border-box; line-height: 24px; margin-bottom: 10px; text-align: justify;\">\nNo Caiuc\u00e1, uma idosa foi agredida pelo neto. Wanderson Pequeno da Silva, 24 anos, tentou matar Maria Francisca da Concei\u00e7\u00e3o, 81 anos, por meio de asfixia utilizando um travesseiro. Ele foi preso em flagrante e ser\u00e1 apresentado em audi\u00eancia de cust\u00f3dia na manh\u00e3 desta segunda-feira.<\/div>\n<div style=\"background-color: white; box-sizing: border-box; line-height: 24px; margin-bottom: 10px; text-align: justify;\">\nEm Panelas, dois jovens foram assassinados no final da tarde deste domingo. Um menor de 16 anos e Ernandes dos Santos Oliveira, 18 anos, foram mortos a tiros. O duplo homic\u00eddio aconteceu na estrada de acesso a S\u00e3o L\u00e1zaro. Junto aos corpos, a pol\u00edcia encontrou 1 rev\u00f3lver calibre 32, 4 muni\u00e7\u00f5es, um aparelho celular e uma por\u00e7\u00e3o de maconha.<\/div>\n<div style=\"background-color: white; box-sizing: border-box; line-height: 24px; margin-bottom: 10px; text-align: justify;\">\nEm Belo Jardim, foi morto a pedradas Valdecir Jos\u00e9 de Souza, 55 anos. O crime aconteceu na Pra\u00e7a de Alimenta\u00e7\u00e3o, bairro Cohab I.<\/div>\n<div style=\"background-color: white; box-sizing: border-box; line-height: 24px; margin-bottom: 10px; text-align: justify;\">\nAconteceram homic\u00eddios neste domingo tamb\u00e9m em Garanhuns, Palmeirina e Lajedo.<\/div>\n<div style=\"background-color: white; box-sizing: border-box; line-height: 24px; margin-bottom: 10px; text-align: justify;\">\n<\/div>\n<div style=\"background-color: white; box-sizing: border-box; line-height: 24px; margin-bottom: 10px; text-align: justify;\">\nFonte: R\u00e1dio Liberdade.<\/p>\n<div class=\"separator\" style=\"clear: both; text-align: center;\">\n<a href=\"http:\/\/blogdoedvaldomagalhaes.com.br\/wp-content\/uploads\/2017\/03\/lib-4.jpg\" imageanchor=\"1\" style=\"clear: left; float: left; margin-bottom: 1em; margin-right: 1em;\"><img decoding=\"async\" border=\"0\" src=\"http:\/\/blogdoedvaldomagalhaes.com.br\/wp-content\/uploads\/2017\/03\/lib-4.jpg\" \/><\/a><\/div>\n<p><\/div>\n<div style=\"background-color: white; box-sizing: border-box; font-family: Lato, sans-serif; font-size: 13px; line-height: 24px; margin-bottom: 10px;\">\n<\/div>\n<div style=\"background-color: white; box-sizing: border-box; font-family: Lato, sans-serif; font-size: 13px; line-height: 24px; margin-bottom: 10px;\">\n<\/div>\n","protected":false},"excerpt":{"rendered":"<p>O Sindicato dos Rodovi\u00e1rios de Pernambuco contabilizou 33 assaltos a \u00f4nibus, no fim de semana, no Grande Recife, sendo 15&hellip;<\/p>\n","protected":false},"author":1,"featured_media":0,"comment_status":"open","ping_status":"open","sticky":false,"template":"","format":"standard","meta":{"footnotes":""},"categories":[1],"tags":[2,13,8658],"class_list":["post-6420","post","type-post","status-publish","format-standard","hentry","category-sem-categoria","tag-blog-do-edvaldo-magalhaes","tag-policial","tag-sessenta-e-sete-pessoas-assassinadas-em-pernambuco-no-fim-de-semana"],"_links":{"self":[{"href":"https:\/\/blogdoedvaldomagalhaes.com.br\/index.php\/wp-json\/wp\/v2\/posts\/6420","targetHints":{"allow":["GET"]}}],"collection":[{"href":"https:\/\/blogdoedvaldomagalhaes.com.br\/index.php\/wp-json\/wp\/v2\/posts"}],"about":[{"href":"https:\/\/blogdoedvaldomagalhaes.com.br\/index.php\/wp-json\/wp\/v2\/types\/post"}],"author":[{"embeddable":true,"href":"https:\/\/blogdoedvaldomagalhaes.com.br\/index.php\/wp-json\/wp\/v2\/users\/1"}],"replies":[{"embeddable":true,"href":"https:\/\/blogdoedvaldomagalhaes.com.br\/index.php\/wp-json\/wp\/v2\/comments?post=6420"}],"version-history":[{"count":1,"href":"https:\/\/blogdoedvaldomagalhaes.com.br\/index.php\/wp-json\/wp\/v2\/posts\/6420\/revisions"}],"predecessor-version":[{"id":18131,"href":"https:\/\/blogdoedvaldomagalhaes.com.br\/index.php\/wp-json\/wp\/v2\/posts\/6420\/revisions\/18131"}],"wp:attachment":[{"href":"https:\/\/blogdoedvaldomagalhaes.com.br\/index.php\/wp-json\/wp\/v2\/media?parent=6420"}],"wp:term":[{"taxonomy":"category","embeddable":true,"href":"https:\/\/blogdoedvaldomagalhaes.com.br\/index.php\/wp-json\/wp\/v2\/categories?post=6420"},{"taxonomy":"post_tag","embeddable":true,"href":"https:\/\/blogdoedvaldomagalhaes.com.br\/index.php\/wp-json\/wp\/v2\/tags?post=6420"}],"curies":[{"name":"wp","href":"https:\/\/api.w.org\/{rel}","templated":true}]}}