{"id":642,"date":"2018-11-21T23:07:00","date_gmt":"2018-11-22T01:07:00","guid":{"rendered":"http:\/\/blogdoedvaldomagalhaes.com.br\/index.php\/2018\/11\/21\/apresentacoes-do-baile-do-menino-deus-2\/"},"modified":"2019-02-09T02:42:27","modified_gmt":"2019-02-09T04:42:27","slug":"apresentacoes-do-baile-do-menino-deus-2","status":"publish","type":"post","link":"https:\/\/blogdoedvaldomagalhaes.com.br\/index.php\/2018\/11\/21\/apresentacoes-do-baile-do-menino-deus-2\/","title":{"rendered":"Apresenta\u00e7\u00f5es do Baile do Menino Deus t\u00eam in\u00edcio nesta quinta-feira em Caruaru"},"content":{"rendered":"<div class=\"separator\" style=\"clear: both; text-align: center;\">\n<a href=\"https:\/\/3.bp.blogspot.com\/-i6dYqnz2KMw\/W_Xk_Ookg0I\/AAAAAAAA-Kw\/a26BBRQ-JT04pm0y6qPlDClOQYa8Zv4IQCLcBGAs\/s1600\/pe%25C3%25A7a.jpg\" imageanchor=\"1\" style=\"margin-left: 1em; margin-right: 1em;\"><img loading=\"lazy\" decoding=\"async\" border=\"0\" data-original-height=\"333\" data-original-width=\"500\" height=\"426\" src=\"http:\/\/blogdoedvaldomagalhaes.com.br\/wp-content\/uploads\/2018\/11\/peC3A7a.jpg\" width=\"640\" \/><\/a><\/div>\n<div style=\"text-align: center;\">\nFoto: Andr\u00e9 Alves<\/div>\n<div style=\"text-align: justify;\">\n<div style=\"text-align: center;\">\n<\/div>\n<p>Come\u00e7am nesta quinta-feira (22) as apresenta\u00e7\u00f5es do espet\u00e1culo \u201cO Baile do Menino Deus\u201d, promovido pela Prefeitura de Caruaru, atrav\u00e9s da Secretaria de Desenvolvimento Social e Direitos Humanos. A primeira encena\u00e7\u00e3o da temporada ser\u00e1 \u00e0s 19h, na Rua Jo\u00e3o Bezerra, em Pau Santo (de frente \u00e0 Igreja de S\u00e3o Sebasti\u00e3o). A produ\u00e7\u00e3o assinada pelo diretor Rodrigo Martins envolve no elenco 45 crian\u00e7as e adolescentes do Servi\u00e7o de Conviv\u00eancia e Fortalecimento de V\u00ednculos (SCFV) e ser\u00e1 levada para diversas comunidades rurais do munic\u00edpio. Este ano, as apresenta\u00e7\u00f5es ser\u00e3o realizadas de forma itinerante, contemplando as comunidades assistidas pelos CRAS do campo e culmin\u00e2ncia da apresenta\u00e7\u00e3o na Feira de Caruaru.<\/p><\/div>\n<div style=\"text-align: justify;\">\n<\/div>\n<div style=\"text-align: justify;\">\nA pe\u00e7a \u00e9 um auto de Natal que leva ao palco figuras t\u00edpicas da cultura popular nordestina, como o Mateus, o Jaragu\u00e1 e o Bumba meu boi, todos embalados por can\u00e7\u00f5es originais, inspiradas nos ritmos e nas tradi\u00e7\u00f5es da regi\u00e3o. A hist\u00f3ria se desenvolve em um festival de cores, onde o personagem Mateus conduz a narrativa, levando os brincantes de casa em casa, \u00e0 procura do local de nascimento do Menino Deus.<\/div>\n<div style=\"text-align: justify;\">\n<\/div>\n<div style=\"text-align: justify;\">\nA produ\u00e7\u00e3o envolve usu\u00e1rios do SCFV de dois bairros do munic\u00edpio, Salgado e Luiz Bezerra Torres, e conta com o apoio log\u00edstico de mais de 14 profissionais. A organiza\u00e7\u00e3o \u00e9 da gest\u00e3o do SCFV e conta com a participa\u00e7\u00e3o de integrantes de v\u00e1rios espa\u00e7os, entre eles, o da Vila Diocesana, que faz parte do territ\u00f3rio de abrang\u00eancia do CRAS Maria Auxiliadora e o da Vila Fernando Lyra, da abrang\u00eancia do CRAS Salgado. Al\u00e9m desses, fazem parte, tamb\u00e9m, integrantes do Sal\u00e3o S\u00e3o Bento (territ\u00f3rio de abrang\u00eancia do CRAS Rendeiras), do CCI (territ\u00f3rio de abrang\u00eancia do CRAS Centen\u00e1rio), e CQP I (territ\u00f3rio de abrang\u00eancia do CRAS Bonan\u00e7a).<\/div>\n<div style=\"text-align: justify;\">\n<\/div>\n<div style=\"text-align: justify;\">\n<b>SCFV<\/b><\/div>\n<div style=\"text-align: justify;\">\n<\/div>\n<div style=\"text-align: justify;\">\nAtualmente, a Secretaria de Desenvolvimento Social e Direitos Humanos ( SDSDH) atrav\u00e9s do Servi\u00e7o de Conviv\u00eancia e Fortalecimento de V\u00ednculos (SCFV) atende 1.901 usu\u00e1rios na faixa et\u00e1ria de quatro a 100 anos de idade, distribu\u00eddos em 121 grupos, com atividades art\u00edsticas, culturais, de lazer e esportivas.<\/div>\n<div style=\"text-align: justify;\">\n<\/div>\n<div style=\"text-align: justify;\">\nCom o intuito de elevar a qualidade de vida de nossos cidad\u00e3os, atrav\u00e9s da promo\u00e7\u00e3o de pol\u00edticas p\u00fablicas, \u00e9 que o SCFV desenvolve atividades de educa\u00e7\u00e3o social e oficinas com crian\u00e7as, adolescentes e idosos, de modo a favorecer uma efetiva integra\u00e7\u00e3o entre as diferentes faixas et\u00e1rias, possibilitando rela\u00e7\u00e3o dial\u00f3gica de respeito, troca de experi\u00eancias, conviv\u00eancia comunit\u00e1ria entre outras.<\/div>\n<div style=\"text-align: justify;\">\n<\/div>\n<div style=\"text-align: justify;\">\n<\/div>\n","protected":false},"excerpt":{"rendered":"<p>Foto: Andr\u00e9 Alves Come\u00e7am nesta quinta-feira (22) as apresenta\u00e7\u00f5es do espet\u00e1culo \u201cO Baile do Menino Deus\u201d, promovido pela Prefeitura de&hellip;<\/p>\n","protected":false},"author":1,"featured_media":0,"comment_status":"open","ping_status":"open","sticky":false,"template":"","format":"standard","meta":{"footnotes":""},"categories":[1],"tags":[578,2,6],"class_list":["post-642","post","type-post","status-publish","format-standard","hentry","category-sem-categoria","tag-apresentacoes-do-baile-do-menino-deus-tem-inicio-nesta-quinta-feira-em-caruaru","tag-blog-do-edvaldo-magalhaes","tag-noticias"],"_links":{"self":[{"href":"https:\/\/blogdoedvaldomagalhaes.com.br\/index.php\/wp-json\/wp\/v2\/posts\/642","targetHints":{"allow":["GET"]}}],"collection":[{"href":"https:\/\/blogdoedvaldomagalhaes.com.br\/index.php\/wp-json\/wp\/v2\/posts"}],"about":[{"href":"https:\/\/blogdoedvaldomagalhaes.com.br\/index.php\/wp-json\/wp\/v2\/types\/post"}],"author":[{"embeddable":true,"href":"https:\/\/blogdoedvaldomagalhaes.com.br\/index.php\/wp-json\/wp\/v2\/users\/1"}],"replies":[{"embeddable":true,"href":"https:\/\/blogdoedvaldomagalhaes.com.br\/index.php\/wp-json\/wp\/v2\/comments?post=642"}],"version-history":[{"count":1,"href":"https:\/\/blogdoedvaldomagalhaes.com.br\/index.php\/wp-json\/wp\/v2\/posts\/642\/revisions"}],"predecessor-version":[{"id":36080,"href":"https:\/\/blogdoedvaldomagalhaes.com.br\/index.php\/wp-json\/wp\/v2\/posts\/642\/revisions\/36080"}],"wp:attachment":[{"href":"https:\/\/blogdoedvaldomagalhaes.com.br\/index.php\/wp-json\/wp\/v2\/media?parent=642"}],"wp:term":[{"taxonomy":"category","embeddable":true,"href":"https:\/\/blogdoedvaldomagalhaes.com.br\/index.php\/wp-json\/wp\/v2\/categories?post=642"},{"taxonomy":"post_tag","embeddable":true,"href":"https:\/\/blogdoedvaldomagalhaes.com.br\/index.php\/wp-json\/wp\/v2\/tags?post=642"}],"curies":[{"name":"wp","href":"https:\/\/api.w.org\/{rel}","templated":true}]}}