{"id":6419,"date":"2017-03-27T15:36:00","date_gmt":"2017-03-27T18:36:00","guid":{"rendered":"http:\/\/blogdoedvaldomagalhaes.com.br\/index.php\/2017\/03\/27\/assalto-carro-forte-no-municipio-de\/"},"modified":"2019-02-09T01:21:22","modified_gmt":"2019-02-09T03:21:22","slug":"assalto-carro-forte-no-municipio-de","status":"publish","type":"post","link":"https:\/\/blogdoedvaldomagalhaes.com.br\/index.php\/2017\/03\/27\/assalto-carro-forte-no-municipio-de\/","title":{"rendered":"Assalto a carro-forte no munic\u00edpio de Bonito"},"content":{"rendered":"<div class=\"separator\" style=\"clear: both; text-align: center;\">\n<a href=\"https:\/\/3.bp.blogspot.com\/-UqyJd_ZQyWc\/WNkxYwvey8I\/AAAAAAAASVg\/6WkJnOVnhyg0sdIvrgHHDm8no_QdH0LVACLcB\/s1600\/carro%2B4.jpg\" imageanchor=\"1\" style=\"margin-left: 1em; margin-right: 1em;\"><img loading=\"lazy\" decoding=\"async\" border=\"0\" height=\"225\" src=\"http:\/\/blogdoedvaldomagalhaes.com.br\/wp-content\/uploads\/2017\/03\/carro4.jpg\" width=\"400\" \/><\/a><\/div>\n<p><\/p>\n<div class=\"separator\" style=\"clear: both; text-align: center;\">\n<a href=\"https:\/\/3.bp.blogspot.com\/-5ZhAZJzA1xo\/WNkxaQ6niLI\/AAAAAAAASVk\/ig30dmUt2SQ4EwX7TelryCRFsYpgOWudQCLcB\/s1600\/carro%2B1.jpg\" imageanchor=\"1\" style=\"margin-left: 1em; margin-right: 1em;\"><img loading=\"lazy\" decoding=\"async\" border=\"0\" height=\"223\" src=\"http:\/\/blogdoedvaldomagalhaes.com.br\/wp-content\/uploads\/2017\/03\/carro1.jpg\" width=\"400\" \/><\/a><\/div>\n<p><\/p>\n<div class=\"separator\" style=\"clear: both; text-align: center;\">\n<a href=\"https:\/\/1.bp.blogspot.com\/-R40WUvZAlJI\/WNkxbPrwiMI\/AAAAAAAASVo\/ZbypF1IG09sJKstGv0duI7WTLwS4G_gcgCLcB\/s1600\/carro%2B2.jpg\" imageanchor=\"1\" style=\"margin-left: 1em; margin-right: 1em;\"><img loading=\"lazy\" decoding=\"async\" border=\"0\" height=\"225\" src=\"http:\/\/blogdoedvaldomagalhaes.com.br\/wp-content\/uploads\/2017\/03\/carro2.jpg\" width=\"400\" \/><\/a><\/div>\n<p><\/p>\n<div class=\"separator\" style=\"clear: both; text-align: center;\">\n<a href=\"https:\/\/2.bp.blogspot.com\/-blKInhIPbus\/WNkxcike64I\/AAAAAAAASVs\/GUjmy11oi-IwfXlHESwPPSUMu_Hh4rskACLcB\/s1600\/carro%2B3.jpg\" imageanchor=\"1\" style=\"margin-left: 1em; margin-right: 1em;\"><img loading=\"lazy\" decoding=\"async\" border=\"0\" height=\"223\" src=\"http:\/\/blogdoedvaldomagalhaes.com.br\/wp-content\/uploads\/2017\/03\/carro3.jpg\" width=\"400\" \/><\/a><\/div>\n<div style=\"text-align: justify;\">\nCriminosos fortemente armados interceptaram um carro de transporte de valores da empresa Preserve, na PE-120 no Trevo do Formigueiro, que d\u00e1 acesso a cidade de Bonito, agreste pernambucano, na manh\u00e3 desta segunda-feira (27), efetuando v\u00e1rios disparos contra o ve\u00edculo, n\u00e3o se sabe ainda o valor que foi levado.<\/div>\n<p><\/p>\n<div style=\"text-align: justify;\">\n<\/div>\n<div style=\"background-color: white; box-sizing: border-box; line-height: 24px; margin-bottom: 10px; text-align: justify;\">\nEm dezembro do ano passado, um carro-forte foi explodido no mesmo local da rodovia, quando dois seguran\u00e7as foram baleados e socorridos para o Hospital Regional do Agreste (HRA), em Caruaru.<\/p>\n<div class=\"separator\" style=\"clear: both; text-align: center;\">\n<a href=\"http:\/\/blogdoedvaldomagalhaes.com.br\/wp-content\/uploads\/2017\/03\/etical-3.jpg\" imageanchor=\"1\" style=\"margin-left: 1em; margin-right: 1em;\"><img decoding=\"async\" border=\"0\" src=\"http:\/\/blogdoedvaldomagalhaes.com.br\/wp-content\/uploads\/2017\/03\/etical-3.jpg\" \/><\/a><\/div>\n<\/div>\n","protected":false},"excerpt":{"rendered":"<p>Criminosos fortemente armados interceptaram um carro de transporte de valores da empresa Preserve, na PE-120 no Trevo do Formigueiro, que&hellip;<\/p>\n","protected":false},"author":1,"featured_media":0,"comment_status":"open","ping_status":"open","sticky":false,"template":"","format":"standard","meta":{"footnotes":""},"categories":[1],"tags":[8656,992,312,2083,13,8657],"class_list":["post-6419","post","type-post","status-publish","format-standard","hentry","category-sem-categoria","tag-assalto-a-carro-forte-no-municipio-de-bonito","tag-blog-do-edvaldo-do-magalhaes","tag-hospital-regional-do-agreste","tag-hra","tag-policial","tag-trevo-do-formigueiro"],"_links":{"self":[{"href":"https:\/\/blogdoedvaldomagalhaes.com.br\/index.php\/wp-json\/wp\/v2\/posts\/6419","targetHints":{"allow":["GET"]}}],"collection":[{"href":"https:\/\/blogdoedvaldomagalhaes.com.br\/index.php\/wp-json\/wp\/v2\/posts"}],"about":[{"href":"https:\/\/blogdoedvaldomagalhaes.com.br\/index.php\/wp-json\/wp\/v2\/types\/post"}],"author":[{"embeddable":true,"href":"https:\/\/blogdoedvaldomagalhaes.com.br\/index.php\/wp-json\/wp\/v2\/users\/1"}],"replies":[{"embeddable":true,"href":"https:\/\/blogdoedvaldomagalhaes.com.br\/index.php\/wp-json\/wp\/v2\/comments?post=6419"}],"version-history":[{"count":1,"href":"https:\/\/blogdoedvaldomagalhaes.com.br\/index.php\/wp-json\/wp\/v2\/posts\/6419\/revisions"}],"predecessor-version":[{"id":18137,"href":"https:\/\/blogdoedvaldomagalhaes.com.br\/index.php\/wp-json\/wp\/v2\/posts\/6419\/revisions\/18137"}],"wp:attachment":[{"href":"https:\/\/blogdoedvaldomagalhaes.com.br\/index.php\/wp-json\/wp\/v2\/media?parent=6419"}],"wp:term":[{"taxonomy":"category","embeddable":true,"href":"https:\/\/blogdoedvaldomagalhaes.com.br\/index.php\/wp-json\/wp\/v2\/categories?post=6419"},{"taxonomy":"post_tag","embeddable":true,"href":"https:\/\/blogdoedvaldomagalhaes.com.br\/index.php\/wp-json\/wp\/v2\/tags?post=6419"}],"curies":[{"name":"wp","href":"https:\/\/api.w.org\/{rel}","templated":true}]}}